{"id":6694,"date":"2016-03-04T12:40:30","date_gmt":"2016-03-04T10:40:30","guid":{"rendered":"\/disney-parks-magazin\/?p=6694"},"modified":"2022-08-23T23:35:07","modified_gmt":"2022-08-23T21:35:07","slug":"st-patricks-day-irischer-feiertag-im-disneyland-paris","status":"publish","type":"post","link":"https:\/\/www.dein-dlrp.de\/disney-parks-magazin\/st-patricks-day-irischer-feiertag-im-disneyland-paris\/","title":{"rendered":"St. Patrick&#8217;s Day \u2013 Irischer Feiertag im Disneyland Paris"},"content":{"rendered":"<p><img decoding=\"async\" class=\"alignright wp-image-6696 size-full\" title=\"Mickey &amp; Minnie Mouse in St. Patrick's Day Kost\u00fcmen\" src=\"https:\/\/www.dein-dlrp.de\/disney-parks-magazin\/wp-content\/uploads\/2016\/02\/st-patricks-day.jpg\" alt=\"Mickey &amp; Minnie Mouse in St. Patrick's Day Kost\u00fcmen\" width=\"699\" height=\"276\" srcset=\"https:\/\/www.dein-dlrp.de\/disney-parks-magazin\/wp-content\/uploads\/2016\/02\/st-patricks-day.jpg 699w, https:\/\/www.dein-dlrp.de\/disney-parks-magazin\/wp-content\/uploads\/2016\/02\/st-patricks-day-300x118.jpg 300w\" sizes=\"(max-width: 699px) 100vw, 699px\" \/>Am 17. M\u00e4rz feiern die Iren in jedem Jahr den St. Patrick&#8217;s Day. Aber nicht nur in Irland ist dies ein wichtiger Feiertag, sondern auch \u00fcberall dort, wo viele Iren leben. Au\u00dferdem handelt es sich um einen Gedenktag in der r\u00f6misch-katholischen Kirche. Zwar ist der St. Patrick&#8217;s Day nur in Irland und einigen Teilen Kanadas ein Feiertag, doch in vielen L\u00e4ndern der Welt wird an diesem Tag dennoch gefeiert, so auch im Disneyland Paris.<br \/>\n<!--more--><\/p>\n<h2>Es gr\u00fcnt so gr\u00fcn<\/h2>\n<p>Die Farbe Gr\u00fcn ist an diesem Tag allgegenw\u00e4rtig. Zwar wird der Lake Disney nicht gr\u00fcn gef\u00e4rbt, wie der Chicago River oder der Brunnen vor dem Wei\u00dfen Haus, aber das <a href=\"https:\/\/www.dein-dlrp.de\/disneyland-resort-paris\/disneyland-park\/fantasyland\/attraktionen\/sleeping-beauty-castle.html\">M\u00e4rchenschloss<\/a> wird in leuchtendem Gr\u00fcn angestrahlt. Und auch Mickey Mouse und seine Minnie tragen an diesem Tag ihr sch\u00f6nstes Feiertagskost\u00fcm in sattem Gr\u00fcn. Und auch sonst wird im Disneyland Park an diesem Tag einiges geboten.<\/p>\n<h3>St. Patrick&#8217;s Day im Disneyland Park<\/h3>\n<p>Was steht an diesem Tag auf dem Programm? Nat\u00fcrlich das <a href=\"https:\/\/www.dein-dlrp.de\/disneyland-resort-paris\/events-shows\/fruehlings-festival.html\">Spring Festival<\/a>, aber dazu kommen einige Highlights, die es nur am St. Patrick&#8217;s Day gibt. Hier findest Du die \u00dcbersicht:<\/p>\n<ul>\n<li>Auch in diesem Jahr kannst Du <strong>Mickey und Minnie<\/strong> in ihrem wundersch\u00f6nen, <strong>leuchtend gr\u00fcnem Outfit<\/strong> auf der Cottonwood Creek Ranch im Frontierland treffen.<\/li>\n<li>Irische <strong>Kobolde<\/strong> geistern \u00fcber die Cottonwood Creek Ranch und sorgen f\u00fcr die eine oder andere \u00dcberraschung.<\/li>\n<li><strong>Irische Pre-Parade<\/strong>: wenige Minuten vor Magic on Parade wird diese Pre-Parade \u00fcber die Paradenstrecke ziehen<\/li>\n<li>Irische <strong>T\u00e4nzer der Sarah Clark Academy of Irish Dancing<\/strong> treten gemeinsam mit Chip &amp; Chap auf.<\/li>\n<li><strong>Irische Musiker<\/strong> geben ihr K\u00f6nnen zum besten.<\/li>\n<li>Eine <strong>Dudelsack-Band<\/strong> zeigt was in ihr steckt und holt wirklich alles aus diesem eindrucksvollen Instrument heraus.<\/li>\n<li><strong>Gratis Schminken<\/strong> wird f\u00fcr kleine und gro\u00dfe G\u00e4ste im Bereich der Cottonwood Creek Ranch angeboten.<\/li>\n<li>Kurz vor Disney Dreams wird das M\u00e4rchenschloss gr\u00fcn angestrahlt und es gibt ein kurzes <strong>St. Patrick&#8217;s Day Feuerwerk<\/strong>.<\/li>\n<\/ul>\n<h4>St. Patrick&#8217;s Day im Disney Village<\/h4>\n<p>Nat\u00fcrlich wird dieser Feiertag auch im <a href=\"https:\/\/www.dein-dlrp.de\/disneyland-resort-paris\/disney-village.html\">Disney Village<\/a> begangen. Dudelsackpfeifer und T\u00e4nzer, die traditionelle keltische T\u00e4nze darbieten, treten an diesem Tag auf. Und sorgen damit f\u00fcr die passende Stimmung im Vergn\u00fcgungsviertel des Disneyland Paris.<\/p>\n<h5>Erlebe den St. Patrick&#8217;s Day im Disneyland live<\/h5>\n<p>Lass Dir dieses Highlight nicht entgehen, denn diese Programm gibt es wirklich nur am 17.3.! Wenn Du jetzt also nur noch gr\u00fcn siehst und live dabei sein willst, wenn sich das Disneyland Paris in \u201eKlein-Irland\u201c verwandelt, dann buche jetzt spontan einen Kurztrip.<br \/>\nEine \u00dcbersicht \u00fcber <a href=\"https:\/\/www.dein-dlrp.de\/reiseplanung\/disneyland-angebote.html\">Sonderangebote<\/a> findest Du \u00fcbrigens <a href=\"https:\/\/www.dein-dlrp.de\/reiseplanung\/disneyland-angebote.html\">hier<\/a>.<br \/>\nAlso, worauf wartest Du noch?!<\/p>\n<p><em>Bild auf dieser Seite: \u00a9 Disney<\/em><\/p>\n<input class=\"fooboxshare_post_id\" type=\"hidden\" value=\"6694\"\/>","protected":false},"excerpt":{"rendered":"<p>Am 17. M\u00e4rz feiern die Iren in jedem Jahr den St. Patrick&#8217;s Day. Aber nicht nur in Irland ist dies ein wichtiger Feiertag, sondern auch \u00fcberall dort, wo viele Iren leben. Au\u00dferdem handelt es sich um einen Gedenktag in der r\u00f6misch-katholischen Kirche. Zwar ist der St. Patrick&#8217;s Day nur in Irland und einigen Teilen Kanadas [&hellip;]<\/p>\n","protected":false},"author":3,"featured_media":6696,"comment_status":"open","ping_status":"closed","sticky":false,"template":"","format":"standard","meta":{"_acf_changed":false,"wprm-recipe-roundup-name":"","wprm-recipe-roundup-description":"","ngg_post_thumbnail":0,"footnotes":""},"categories":[11673,11671,11678,17,58,29],"tags":[286,726],"class_list":["post-6694","post","type-post","status-publish","format-standard","has-post-thumbnail","hentry","category-disney-parks-resorts-weltweit","category-disneyland-paris","category-reisetipps-disneyland-paris","category-events","category-events-im-disney-village","category-reisetipps","tag-dreams","tag-st-patricks-day"],"acf":[],"yoast_head":"<title>St. Patrick&#039;s Day im Disneyland Paris feiern<\/title>\n<meta name=\"description\" content=\"Erlebe den St. Patrick&#039;s Day im Disneyland Paris. An diesem Tag gibt es ein umfassendes Programm f\u00fcr alle, die diesen Feiertag begehen wollen.\" \/>\n<meta name=\"robots\" content=\"index, follow, max-snippet:-1, max-image-preview:large, max-video-preview:-1\" \/>\n<link rel=\"canonical\" href=\"https:\/\/www.dein-dlrp.de\/disney-parks-magazin\/st-patricks-day-irischer-feiertag-im-disneyland-paris\/\" \/>\n<meta property=\"og:locale\" content=\"de_DE\" \/>\n<meta property=\"og:type\" content=\"article\" \/>\n<meta property=\"og:title\" content=\"St. Patrick&#039;s Day \u2013 Irischer Feiertag im Disneyland Paris\" \/>\n<meta property=\"og:description\" content=\"Erlebe den St. Patrick&#039;s Day im Disneyland Paris. An diesem Tag gibt es ein umfassendes Programm f\u00fcr alle, die diesen Feiertag begehen wollen.\" \/>\n<meta property=\"og:url\" content=\"https:\/\/www.dein-dlrp.de\/disney-parks-magazin\/st-patricks-day-irischer-feiertag-im-disneyland-paris\/\" \/>\n<meta property=\"og:site_name\" content=\"Disney Parks Magazin\" \/>\n<meta property=\"article:publisher\" content=\"https:\/\/facebook.com\/deindlrp\" \/>\n<meta property=\"article:published_time\" content=\"2016-03-04T10:40:30+00:00\" \/>\n<meta property=\"article:modified_time\" content=\"2022-08-23T21:35:07+00:00\" \/>\n<meta property=\"og:image\" content=\"https:\/\/www.dein-dlrp.de\/disney-parks-magazin\/wp-content\/uploads\/2016\/02\/st-patricks-day.jpg\" \/>\n\t<meta property=\"og:image:width\" content=\"699\" \/>\n\t<meta property=\"og:image:height\" content=\"276\" \/>\n\t<meta property=\"og:image:type\" content=\"image\/jpeg\" \/>\n<meta name=\"author\" content=\"Doerthe\" \/>\n<meta name=\"twitter:card\" content=\"summary_large_image\" \/>\n<meta name=\"twitter:creator\" content=\"@deindlrp\" \/>\n<meta name=\"twitter:site\" content=\"@deindlrp\" \/>\n<meta name=\"twitter:label1\" content=\"Verfasst von\" \/>\n\t<meta name=\"twitter:data1\" content=\"Doerthe\" \/>\n\t<meta name=\"twitter:label2\" content=\"Gesch\u00e4tzte Lesezeit\" \/>\n\t<meta name=\"twitter:data2\" content=\"3\u00a0Minuten\" \/>\n<script type=\"application\/ld+json\" class=\"yoast-schema-graph\">{\"@context\":\"https:\/\/schema.org\",\"@graph\":[{\"@type\":\"Article\",\"@id\":\"https:\/\/www.dein-dlrp.de\/disney-parks-magazin\/st-patricks-day-irischer-feiertag-im-disneyland-paris\/#article\",\"isPartOf\":{\"@id\":\"https:\/\/www.dein-dlrp.de\/disney-parks-magazin\/st-patricks-day-irischer-feiertag-im-disneyland-paris\/\"},\"author\":{\"name\":\"Doerthe\",\"@id\":\"https:\/\/www.dein-dlrp.de\/disney-parks-magazin\/#\/schema\/person\/289eb6223cb1c248bcc847989ea1db9e\"},\"headline\":\"St. Patrick&#8217;s Day \u2013 Irischer Feiertag im Disneyland Paris\",\"datePublished\":\"2016-03-04T10:40:30+00:00\",\"dateModified\":\"2022-08-23T21:35:07+00:00\",\"mainEntityOfPage\":{\"@id\":\"https:\/\/www.dein-dlrp.de\/disney-parks-magazin\/st-patricks-day-irischer-feiertag-im-disneyland-paris\/\"},\"wordCount\":459,\"commentCount\":0,\"publisher\":{\"@id\":\"https:\/\/www.dein-dlrp.de\/disney-parks-magazin\/#organization\"},\"image\":{\"@id\":\"https:\/\/www.dein-dlrp.de\/disney-parks-magazin\/st-patricks-day-irischer-feiertag-im-disneyland-paris\/#primaryimage\"},\"thumbnailUrl\":\"https:\/\/www.dein-dlrp.de\/disney-parks-magazin\/wp-content\/uploads\/2016\/02\/st-patricks-day.jpg\",\"keywords\":[\"Dreams\",\"St. Patrick's Day\"],\"articleSection\":[\"Disney Parks &amp; Resorts weltweit\",\"Disneyland Paris\",\"Disneyland Paris Reisetipps\",\"Events\",\"Events im Disney Village\",\"Reisetipps f\u00fcr die Disney Parks weltweit\"],\"inLanguage\":\"de\",\"potentialAction\":[{\"@type\":\"CommentAction\",\"name\":\"Comment\",\"target\":[\"https:\/\/www.dein-dlrp.de\/disney-parks-magazin\/st-patricks-day-irischer-feiertag-im-disneyland-paris\/#respond\"]}]},{\"@type\":\"WebPage\",\"@id\":\"https:\/\/www.dein-dlrp.de\/disney-parks-magazin\/st-patricks-day-irischer-feiertag-im-disneyland-paris\/\",\"url\":\"https:\/\/www.dein-dlrp.de\/disney-parks-magazin\/st-patricks-day-irischer-feiertag-im-disneyland-paris\/\",\"name\":\"St. Patrick's Day im Disneyland Paris feiern\",\"isPartOf\":{\"@id\":\"https:\/\/www.dein-dlrp.de\/disney-parks-magazin\/#website\"},\"primaryImageOfPage\":{\"@id\":\"https:\/\/www.dein-dlrp.de\/disney-parks-magazin\/st-patricks-day-irischer-feiertag-im-disneyland-paris\/#primaryimage\"},\"image\":{\"@id\":\"https:\/\/www.dein-dlrp.de\/disney-parks-magazin\/st-patricks-day-irischer-feiertag-im-disneyland-paris\/#primaryimage\"},\"thumbnailUrl\":\"https:\/\/www.dein-dlrp.de\/disney-parks-magazin\/wp-content\/uploads\/2016\/02\/st-patricks-day.jpg\",\"datePublished\":\"2016-03-04T10:40:30+00:00\",\"dateModified\":\"2022-08-23T21:35:07+00:00\",\"description\":\"Erlebe den St. Patrick's Day im Disneyland Paris. An diesem Tag gibt es ein umfassendes Programm f\u00fcr alle, die diesen Feiertag begehen wollen.\",\"breadcrumb\":{\"@id\":\"https:\/\/www.dein-dlrp.de\/disney-parks-magazin\/st-patricks-day-irischer-feiertag-im-disneyland-paris\/#breadcrumb\"},\"inLanguage\":\"de\",\"potentialAction\":[{\"@type\":\"ReadAction\",\"target\":[\"https:\/\/www.dein-dlrp.de\/disney-parks-magazin\/st-patricks-day-irischer-feiertag-im-disneyland-paris\/\"]}]},{\"@type\":\"ImageObject\",\"inLanguage\":\"de\",\"@id\":\"https:\/\/www.dein-dlrp.de\/disney-parks-magazin\/st-patricks-day-irischer-feiertag-im-disneyland-paris\/#primaryimage\",\"url\":\"https:\/\/www.dein-dlrp.de\/disney-parks-magazin\/wp-content\/uploads\/2016\/02\/st-patricks-day.jpg\",\"contentUrl\":\"https:\/\/www.dein-dlrp.de\/disney-parks-magazin\/wp-content\/uploads\/2016\/02\/st-patricks-day.jpg\",\"width\":699,\"height\":276,\"caption\":\"Mickey & Minnie Mouse in St. Patrick's Day Kost\u00fcmen\"},{\"@type\":\"BreadcrumbList\",\"@id\":\"https:\/\/www.dein-dlrp.de\/disney-parks-magazin\/st-patricks-day-irischer-feiertag-im-disneyland-paris\/#breadcrumb\",\"itemListElement\":[{\"@type\":\"ListItem\",\"position\":1,\"name\":\"Disney Parks Magazin\",\"item\":\"https:\/\/www.dein-dlrp.de\/disney-parks-magazin\/\"},{\"@type\":\"ListItem\",\"position\":2,\"name\":\"St. Patrick&#8217;s Day \u2013 Irischer Feiertag im Disneyland Paris\"}]},{\"@type\":\"WebSite\",\"@id\":\"https:\/\/www.dein-dlrp.de\/disney-parks-magazin\/#website\",\"url\":\"https:\/\/www.dein-dlrp.de\/disney-parks-magazin\/\",\"name\":\"dein-dlrp Disney Parks Reisef\u00fchrer\",\"description\":\"Das Blog zu Disneyland Paris &amp; Walt Disney World\",\"publisher\":{\"@id\":\"https:\/\/www.dein-dlrp.de\/disney-parks-magazin\/#organization\"},\"potentialAction\":[{\"@type\":\"SearchAction\",\"target\":{\"@type\":\"EntryPoint\",\"urlTemplate\":\"https:\/\/www.dein-dlrp.de\/disney-parks-magazin\/?s={search_term_string}\"},\"query-input\":{\"@type\":\"PropertyValueSpecification\",\"valueRequired\":true,\"valueName\":\"search_term_string\"}}],\"inLanguage\":\"de\"},{\"@type\":\"Organization\",\"@id\":\"https:\/\/www.dein-dlrp.de\/disney-parks-magazin\/#organization\",\"name\":\"dein-dlrp.de Disney Parks Reisef\u00fchrer\",\"url\":\"https:\/\/www.dein-dlrp.de\/disney-parks-magazin\/\",\"logo\":{\"@type\":\"ImageObject\",\"inLanguage\":\"de\",\"@id\":\"https:\/\/www.dein-dlrp.de\/disney-parks-magazin\/#\/schema\/logo\/image\/\",\"url\":\"https:\/\/www.dein-dlrp.de\/disney-parks-magazin\/wp-content\/uploads\/2023\/06\/dein-dlrp-disney-parks-magazin.png\",\"contentUrl\":\"https:\/\/www.dein-dlrp.de\/disney-parks-magazin\/wp-content\/uploads\/2023\/06\/dein-dlrp-disney-parks-magazin.png\",\"width\":1500,\"height\":384,\"caption\":\"dein-dlrp.de Disney Parks Reisef\u00fchrer\"},\"image\":{\"@id\":\"https:\/\/www.dein-dlrp.de\/disney-parks-magazin\/#\/schema\/logo\/image\/\"},\"sameAs\":[\"https:\/\/facebook.com\/deindlrp\",\"https:\/\/x.com\/deindlrp\",\"https:\/\/instagram.com\/deindlrp\",\"https:\/\/www.pinterest.de\/deindlrp\/\",\"http:\/\/www.youtube.com\/deindlrp\",\"https:\/\/www.tiktok.com\/@deindlrp\"]},{\"@type\":\"Person\",\"@id\":\"https:\/\/www.dein-dlrp.de\/disney-parks-magazin\/#\/schema\/person\/289eb6223cb1c248bcc847989ea1db9e\",\"name\":\"Doerthe\",\"image\":{\"@type\":\"ImageObject\",\"inLanguage\":\"de\",\"@id\":\"https:\/\/www.dein-dlrp.de\/disney-parks-magazin\/#\/schema\/person\/image\/\",\"url\":\"https:\/\/secure.gravatar.com\/avatar\/5e58c77e296cb9565ca4c3a66032ddd7dd5a65203ecf36eae8488f3f5b5a54af?s=96&d=mm&r=g\",\"contentUrl\":\"https:\/\/secure.gravatar.com\/avatar\/5e58c77e296cb9565ca4c3a66032ddd7dd5a65203ecf36eae8488f3f5b5a54af?s=96&d=mm&r=g\",\"caption\":\"Doerthe\"},\"description\":\"Hallo, ich bin D\u00f6rthe. Zusammen mit Torsten habe ich dein-dlrp.de gegr\u00fcndet und kann mich f\u00fcr viele Themen rund um Disney begeistern. Das Disneyland Paris ist meine zweite Heimat und in Walt Disney World werde ich inzwischen mit \u201eWelcome Home\u201c begr\u00fc\u00dft. Mein Anliegen ist es, Euch mit in diese magische Welt zu nehmen, Euch Details und Hintergr\u00fcnde zu zeigen, die auf den ersten Blick gar nicht auffallen. Wenn ich also gerade keine Artikel schreibe, kein Video schneide oder sonstwie an der Seite bastle, dann stecke ich meine Nase vermutlich gerade in ein Imagineering-Buch.\",\"url\":\"https:\/\/www.dein-dlrp.de\/disney-parks-magazin\/author\/doerthe\/\"}]}<\/script>","yoast_head_json":{"title":"St. Patrick's Day im Disneyland Paris feiern","description":"Erlebe den St. Patrick's Day im Disneyland Paris. An diesem Tag gibt es ein umfassendes Programm f\u00fcr alle, die diesen Feiertag begehen wollen.","robots":{"index":"index","follow":"follow","max-snippet":"max-snippet:-1","max-image-preview":"max-image-preview:large","max-video-preview":"max-video-preview:-1"},"canonical":"https:\/\/www.dein-dlrp.de\/disney-parks-magazin\/st-patricks-day-irischer-feiertag-im-disneyland-paris\/","og_locale":"de_DE","og_type":"article","og_title":"St. Patrick's Day \u2013 Irischer Feiertag im Disneyland Paris","og_description":"Erlebe den St. Patrick's Day im Disneyland Paris. An diesem Tag gibt es ein umfassendes Programm f\u00fcr alle, die diesen Feiertag begehen wollen.","og_url":"https:\/\/www.dein-dlrp.de\/disney-parks-magazin\/st-patricks-day-irischer-feiertag-im-disneyland-paris\/","og_site_name":"Disney Parks Magazin","article_publisher":"https:\/\/facebook.com\/deindlrp","article_published_time":"2016-03-04T10:40:30+00:00","article_modified_time":"2022-08-23T21:35:07+00:00","og_image":[{"width":699,"height":276,"url":"https:\/\/www.dein-dlrp.de\/disney-parks-magazin\/wp-content\/uploads\/2016\/02\/st-patricks-day.jpg","type":"image\/jpeg"}],"author":"Doerthe","twitter_card":"summary_large_image","twitter_creator":"@deindlrp","twitter_site":"@deindlrp","twitter_misc":{"Verfasst von":"Doerthe","Gesch\u00e4tzte Lesezeit":"3\u00a0Minuten"},"schema":{"@context":"https:\/\/schema.org","@graph":[{"@type":"Article","@id":"https:\/\/www.dein-dlrp.de\/disney-parks-magazin\/st-patricks-day-irischer-feiertag-im-disneyland-paris\/#article","isPartOf":{"@id":"https:\/\/www.dein-dlrp.de\/disney-parks-magazin\/st-patricks-day-irischer-feiertag-im-disneyland-paris\/"},"author":{"name":"Doerthe","@id":"https:\/\/www.dein-dlrp.de\/disney-parks-magazin\/#\/schema\/person\/289eb6223cb1c248bcc847989ea1db9e"},"headline":"St. Patrick&#8217;s Day \u2013 Irischer Feiertag im Disneyland Paris","datePublished":"2016-03-04T10:40:30+00:00","dateModified":"2022-08-23T21:35:07+00:00","mainEntityOfPage":{"@id":"https:\/\/www.dein-dlrp.de\/disney-parks-magazin\/st-patricks-day-irischer-feiertag-im-disneyland-paris\/"},"wordCount":459,"commentCount":0,"publisher":{"@id":"https:\/\/www.dein-dlrp.de\/disney-parks-magazin\/#organization"},"image":{"@id":"https:\/\/www.dein-dlrp.de\/disney-parks-magazin\/st-patricks-day-irischer-feiertag-im-disneyland-paris\/#primaryimage"},"thumbnailUrl":"https:\/\/www.dein-dlrp.de\/disney-parks-magazin\/wp-content\/uploads\/2016\/02\/st-patricks-day.jpg","keywords":["Dreams","St. Patrick's Day"],"articleSection":["Disney Parks &amp; Resorts weltweit","Disneyland Paris","Disneyland Paris Reisetipps","Events","Events im Disney Village","Reisetipps f\u00fcr die Disney Parks weltweit"],"inLanguage":"de","potentialAction":[{"@type":"CommentAction","name":"Comment","target":["https:\/\/www.dein-dlrp.de\/disney-parks-magazin\/st-patricks-day-irischer-feiertag-im-disneyland-paris\/#respond"]}]},{"@type":"WebPage","@id":"https:\/\/www.dein-dlrp.de\/disney-parks-magazin\/st-patricks-day-irischer-feiertag-im-disneyland-paris\/","url":"https:\/\/www.dein-dlrp.de\/disney-parks-magazin\/st-patricks-day-irischer-feiertag-im-disneyland-paris\/","name":"St. Patrick's Day im Disneyland Paris feiern","isPartOf":{"@id":"https:\/\/www.dein-dlrp.de\/disney-parks-magazin\/#website"},"primaryImageOfPage":{"@id":"https:\/\/www.dein-dlrp.de\/disney-parks-magazin\/st-patricks-day-irischer-feiertag-im-disneyland-paris\/#primaryimage"},"image":{"@id":"https:\/\/www.dein-dlrp.de\/disney-parks-magazin\/st-patricks-day-irischer-feiertag-im-disneyland-paris\/#primaryimage"},"thumbnailUrl":"https:\/\/www.dein-dlrp.de\/disney-parks-magazin\/wp-content\/uploads\/2016\/02\/st-patricks-day.jpg","datePublished":"2016-03-04T10:40:30+00:00","dateModified":"2022-08-23T21:35:07+00:00","description":"Erlebe den St. Patrick's Day im Disneyland Paris. An diesem Tag gibt es ein umfassendes Programm f\u00fcr alle, die diesen Feiertag begehen wollen.","breadcrumb":{"@id":"https:\/\/www.dein-dlrp.de\/disney-parks-magazin\/st-patricks-day-irischer-feiertag-im-disneyland-paris\/#breadcrumb"},"inLanguage":"de","potentialAction":[{"@type":"ReadAction","target":["https:\/\/www.dein-dlrp.de\/disney-parks-magazin\/st-patricks-day-irischer-feiertag-im-disneyland-paris\/"]}]},{"@type":"ImageObject","inLanguage":"de","@id":"https:\/\/www.dein-dlrp.de\/disney-parks-magazin\/st-patricks-day-irischer-feiertag-im-disneyland-paris\/#primaryimage","url":"https:\/\/www.dein-dlrp.de\/disney-parks-magazin\/wp-content\/uploads\/2016\/02\/st-patricks-day.jpg","contentUrl":"https:\/\/www.dein-dlrp.de\/disney-parks-magazin\/wp-content\/uploads\/2016\/02\/st-patricks-day.jpg","width":699,"height":276,"caption":"Mickey & Minnie Mouse in St. Patrick's Day Kost\u00fcmen"},{"@type":"BreadcrumbList","@id":"https:\/\/www.dein-dlrp.de\/disney-parks-magazin\/st-patricks-day-irischer-feiertag-im-disneyland-paris\/#breadcrumb","itemListElement":[{"@type":"ListItem","position":1,"name":"Disney Parks Magazin","item":"https:\/\/www.dein-dlrp.de\/disney-parks-magazin\/"},{"@type":"ListItem","position":2,"name":"St. Patrick&#8217;s Day \u2013 Irischer Feiertag im Disneyland Paris"}]},{"@type":"WebSite","@id":"https:\/\/www.dein-dlrp.de\/disney-parks-magazin\/#website","url":"https:\/\/www.dein-dlrp.de\/disney-parks-magazin\/","name":"dein-dlrp Disney Parks Reisef\u00fchrer","description":"Das Blog zu Disneyland Paris &amp; Walt Disney World","publisher":{"@id":"https:\/\/www.dein-dlrp.de\/disney-parks-magazin\/#organization"},"potentialAction":[{"@type":"SearchAction","target":{"@type":"EntryPoint","urlTemplate":"https:\/\/www.dein-dlrp.de\/disney-parks-magazin\/?s={search_term_string}"},"query-input":{"@type":"PropertyValueSpecification","valueRequired":true,"valueName":"search_term_string"}}],"inLanguage":"de"},{"@type":"Organization","@id":"https:\/\/www.dein-dlrp.de\/disney-parks-magazin\/#organization","name":"dein-dlrp.de Disney Parks Reisef\u00fchrer","url":"https:\/\/www.dein-dlrp.de\/disney-parks-magazin\/","logo":{"@type":"ImageObject","inLanguage":"de","@id":"https:\/\/www.dein-dlrp.de\/disney-parks-magazin\/#\/schema\/logo\/image\/","url":"https:\/\/www.dein-dlrp.de\/disney-parks-magazin\/wp-content\/uploads\/2023\/06\/dein-dlrp-disney-parks-magazin.png","contentUrl":"https:\/\/www.dein-dlrp.de\/disney-parks-magazin\/wp-content\/uploads\/2023\/06\/dein-dlrp-disney-parks-magazin.png","width":1500,"height":384,"caption":"dein-dlrp.de Disney Parks Reisef\u00fchrer"},"image":{"@id":"https:\/\/www.dein-dlrp.de\/disney-parks-magazin\/#\/schema\/logo\/image\/"},"sameAs":["https:\/\/facebook.com\/deindlrp","https:\/\/x.com\/deindlrp","https:\/\/instagram.com\/deindlrp","https:\/\/www.pinterest.de\/deindlrp\/","http:\/\/www.youtube.com\/deindlrp","https:\/\/www.tiktok.com\/@deindlrp"]},{"@type":"Person","@id":"https:\/\/www.dein-dlrp.de\/disney-parks-magazin\/#\/schema\/person\/289eb6223cb1c248bcc847989ea1db9e","name":"Doerthe","image":{"@type":"ImageObject","inLanguage":"de","@id":"https:\/\/www.dein-dlrp.de\/disney-parks-magazin\/#\/schema\/person\/image\/","url":"https:\/\/secure.gravatar.com\/avatar\/5e58c77e296cb9565ca4c3a66032ddd7dd5a65203ecf36eae8488f3f5b5a54af?s=96&d=mm&r=g","contentUrl":"https:\/\/secure.gravatar.com\/avatar\/5e58c77e296cb9565ca4c3a66032ddd7dd5a65203ecf36eae8488f3f5b5a54af?s=96&d=mm&r=g","caption":"Doerthe"},"description":"Hallo, ich bin D\u00f6rthe. Zusammen mit Torsten habe ich dein-dlrp.de gegr\u00fcndet und kann mich f\u00fcr viele Themen rund um Disney begeistern. Das Disneyland Paris ist meine zweite Heimat und in Walt Disney World werde ich inzwischen mit \u201eWelcome Home\u201c begr\u00fc\u00dft. Mein Anliegen ist es, Euch mit in diese magische Welt zu nehmen, Euch Details und Hintergr\u00fcnde zu zeigen, die auf den ersten Blick gar nicht auffallen. Wenn ich also gerade keine Artikel schreibe, kein Video schneide oder sonstwie an der Seite bastle, dann stecke ich meine Nase vermutlich gerade in ein Imagineering-Buch.","url":"https:\/\/www.dein-dlrp.de\/disney-parks-magazin\/author\/doerthe\/"}]}},"_links":{"self":[{"href":"https:\/\/www.dein-dlrp.de\/disney-parks-magazin\/wp-json\/wp\/v2\/posts\/6694","targetHints":{"allow":["GET"]}}],"collection":[{"href":"https:\/\/www.dein-dlrp.de\/disney-parks-magazin\/wp-json\/wp\/v2\/posts"}],"about":[{"href":"https:\/\/www.dein-dlrp.de\/disney-parks-magazin\/wp-json\/wp\/v2\/types\/post"}],"author":[{"embeddable":true,"href":"https:\/\/www.dein-dlrp.de\/disney-parks-magazin\/wp-json\/wp\/v2\/users\/3"}],"replies":[{"embeddable":true,"href":"https:\/\/www.dein-dlrp.de\/disney-parks-magazin\/wp-json\/wp\/v2\/comments?post=6694"}],"version-history":[{"count":0,"href":"https:\/\/www.dein-dlrp.de\/disney-parks-magazin\/wp-json\/wp\/v2\/posts\/6694\/revisions"}],"wp:featuredmedia":[{"embeddable":true,"href":"https:\/\/www.dein-dlrp.de\/disney-parks-magazin\/wp-json\/wp\/v2\/media\/6696"}],"wp:attachment":[{"href":"https:\/\/www.dein-dlrp.de\/disney-parks-magazin\/wp-json\/wp\/v2\/media?parent=6694"}],"wp:term":[{"taxonomy":"category","embeddable":true,"href":"https:\/\/www.dein-dlrp.de\/disney-parks-magazin\/wp-json\/wp\/v2\/categories?post=6694"},{"taxonomy":"post_tag","embeddable":true,"href":"https:\/\/www.dein-dlrp.de\/disney-parks-magazin\/wp-json\/wp\/v2\/tags?post=6694"}],"curies":[{"name":"wp","href":"https:\/\/api.w.org\/{rel}","templated":true}]}}