{"id":53278,"date":"2025-04-13T12:46:01","date_gmt":"2025-04-13T10:46:01","guid":{"rendered":"https:\/\/www.dein-dlrp.de\/disney-parks-magazin\/?p=53278"},"modified":"2025-04-14T09:55:07","modified_gmt":"2025-04-14T07:55:07","slug":"media-insidears-event-zum-33-geburtstag-von-disneyland-paris","status":"publish","type":"post","link":"https:\/\/www.dein-dlrp.de\/disney-parks-magazin\/media-insidears-event-zum-33-geburtstag-von-disneyland-paris\/","title":{"rendered":"Media- &amp; InsidEars Event zum 33. Geburtstag von Disneyland Paris"},"content":{"rendered":"\n<figure class=\"wp-block-image size-full\"><img decoding=\"async\" width=\"1500\" height=\"785\" src=\"https:\/\/www.dein-dlrp.de\/disney-parks-magazin\/wp-content\/uploads\/2025\/04\/disneyland-paris-media-event.jpg\" alt=\"Grafik mit dem Datum 12.04. und der Aufschrift Disneyland Paris\" class=\"wp-image-53286\" title=\"Insidears Event Disneyland Paris\" srcset=\"https:\/\/www.dein-dlrp.de\/disney-parks-magazin\/wp-content\/uploads\/2025\/04\/disneyland-paris-media-event.jpg 1500w, https:\/\/www.dein-dlrp.de\/disney-parks-magazin\/wp-content\/uploads\/2025\/04\/disneyland-paris-media-event-300x157.jpg 300w, https:\/\/www.dein-dlrp.de\/disney-parks-magazin\/wp-content\/uploads\/2025\/04\/disneyland-paris-media-event-768x402.jpg 768w\" sizes=\"(max-width: 1500px) 100vw, 1500px\" \/><\/figure>\n\n\n\n<p>Zum 33. Geburtstag lud Disneyland Paris am 12. April morgens um 9:30 Uhr zu einer Pressekonferenz in Studio D ein. Bei dieser Gelegenheit sollte es Ausblicke in die Zukunft des Resorts geben. Dabei sollte es nicht nur Ausblicke, sondern auch ganz konkrete Ank\u00fcndigungen f\u00fcr die beiden Disney Parks und das gesamte Resort geben.<\/p>\n\n\n\n<p>Sp\u00e4ter sollte noch eine F\u00fchrung \u00fcber die Baustelle im Walt Disney Studios Park zum Programm des Media- und InsidEars-Event geh\u00f6ren. Am Abend sollte es dann noch eine Preview auf das bevorstehende Disney Music Festival geben.<br>Aber der Reihe nach.<\/p>\n\n\n\n<!--more-->\n\n\n\n<h2 class=\"wp-block-heading\" id=\"h-die-pressekonferenz-im-studio-d-mit-vielen-neuigkeiten-zu-disneyland-paris\">Die Pressekonferenz im Studio D mit vielen Neuigkeiten zu Disneyland Paris<\/h2>\n\n\n\n<figure class=\"wp-block-image size-full\"><img decoding=\"async\" width=\"1500\" height=\"844\" src=\"https:\/\/www.dein-dlrp.de\/disney-parks-magazin\/wp-content\/uploads\/2025\/04\/pressekonferenz.jpg\" alt=\"Natacha Rafalski bei der Pressekonferenz vor einem Bildschirm, auf dem ein Concept Art des kommenden Pixar Oben Kettenkarussells zu sehen ist\" class=\"wp-image-53290\" title=\"Natacha Rafalski bei der Pressekonferenz\" srcset=\"https:\/\/www.dein-dlrp.de\/disney-parks-magazin\/wp-content\/uploads\/2025\/04\/pressekonferenz.jpg 1500w, https:\/\/www.dein-dlrp.de\/disney-parks-magazin\/wp-content\/uploads\/2025\/04\/pressekonferenz-300x169.jpg 300w, https:\/\/www.dein-dlrp.de\/disney-parks-magazin\/wp-content\/uploads\/2025\/04\/pressekonferenz-768x432.jpg 768w, https:\/\/www.dein-dlrp.de\/disney-parks-magazin\/wp-content\/uploads\/2025\/04\/pressekonferenz-480x270.jpg 480w\" sizes=\"(max-width: 1500px) 100vw, 1500px\" \/><\/figure>\n\n\n\n<p>Das Mediaevent begann mit einem Video zu den Neuerungen der letzten Jahre, wie der neuen Abendshow Disney Tales of Magic, neuen Drohnenshows und schwenkte dann \u00fcber zu dem, was uns in den n\u00e4chsten Jahren erwarten wird. Nat\u00fcrlich haupts\u00e4chlich die Erweiterung der Disneystudios mit Videos und Bildern von der Baustelle, der neuen Abendshow und dem Umbau von Studio 1.<\/p>\n\n\n\n<p>Unter gro\u00dfem Applaus betraten im Anschluss die zwei momentanen Botschafter Dylan Legras und Jose Alfaro Navarro die B\u00fchne, um die Konferenz zu moderieren.<\/p>\n\n\n\n<h3 class=\"wp-block-heading\" id=\"h-neuigkeiten-zum-disney-music-festival-dem-disney-village-und-den-disney-hotels\">Neuigkeiten zum Disney Music Festival, dem Disney Village und den Disney Hotels<\/h3>\n\n\n\n<p>Als ersten Gast holten sie sich Natacha Rafalski, Pr\u00e4sidentin von Disneyland Paris, auf die B\u00fchne, die verschiedene Neuerungen ansprach.<\/p>\n\n\n\n<p>Unter Einblendungen von Videos erz\u00e4hlte sie, wie die Proben zum <a href=\"https:\/\/www.dein-dlrp.de\/disneyland-resort-paris\/disneyland-park\/shows-und-paraden\/disney-music-festival.html\">Disney Music Festival<\/a> vorangingen und es eine komplett neue Art sei, den Park in diesem Sommer mit 12 musikalischen Events zu erleben.<\/p>\n\n\n\n<p>Das <a href=\"https:\/\/www.dein-dlrp.de\/disneyland-resort-paris\/disney-village.html\">Disney Village<\/a> untergeht immer noch seiner Modernisierung. Nach Disney Style und Disney Glamour steht als N\u00e4chstes die Er\u00f6ffnung des neugestalteten Lego Store am 19.4. und eines Home Deco Shop an. Sp\u00e4ter im Jahr wird der Disney Store schlie\u00dfen, um dann als Disney Wonders neu zu er\u00f6ffnen.<\/p>\n\n\n\n<p>Auch bei den Restaurants tut sich einiges im Village. Abgesehen von dem neuen Restaurant \u201eCasa Giulia\u201c, dem Neubau des McDonalds und der bereits er\u00f6ffneten Terrasse \u201ePetite Rosalie\u201c untergeht auch die Sports Bar einer vollkommenen Verwandlung und erh\u00e4lt eine gr\u00f6\u00dfere Speisekarte und mehr Sitzpl\u00e4tze.<\/p>\n\n\n\n<p>Nach der Umgestaltung des <a href=\"https:\/\/www.dein-dlrp.de\/disneyland-resort-paris\/disney-hotels\/disneys-hotel-new-york-the-art-of-marvel.html\">Hotel New York<\/a> und des <a href=\"https:\/\/www.dein-dlrp.de\/disneyland-resort-paris\/disney-hotels\/disneyland-hotel.html\">Disneyland Hotels<\/a> erwartet uns dieses Jahr neue H\u00fctten auf der <a href=\"https:\/\/www.dein-dlrp.de\/disneyland-resort-paris\/disney-hotels\/disneys-davy-crockett-ranch.html\">Davy Crockett Ranch<\/a>. Als N\u00e4chstes wird die <a href=\"https:\/\/www.dein-dlrp.de\/disneyland-resort-paris\/disney-hotels\/disneys-sequoia-lodge.html\">Sequoia Lodge<\/a> renoviert werden, alle Zimmer, die Lobby, die Restaurants und die Boutique. Das Schwimmbad wurde dabei leider nicht explizit erw\u00e4hnt. Die Verbundenheit zur Natur und zum Wald soll dabei erhalten bleiben.<\/p>\n\n\n\n<h3 class=\"wp-block-heading\" id=\"h-aktuelle-news-walt-disney-studios-park\">Aktuelle News Walt Disney Studios Park<\/h3>\n\n\n\n<p>Als N\u00e4chstes betraten Andy Martin und Bowie Faas (Creative Director und Principal Creative Producer von Walt Disney Imagineering Paris) die B\u00fchne und zeigten den Fortschritt der Verwandlung von Studio 1 zu <a href=\"https:\/\/www.dein-dlrp.de\/disneyland-resort-paris\/walt-disney-studios\/world-premiere.html\">World Premiere<\/a>.<\/p>\n\n\n\n<p>World Premiere soll die Besucher in die Welt einer Filmpremiere in Hollywood in den 1920er entf\u00fchren. Auch die Deko des Shops und des Restaurants greift die Elemente der Epoche auf. Die R\u00fcckwand ist nach dem Vorbild des Animation Building in Burbank gestaltet. Vorbei an einem Shop und einem gro\u00dfen Restaurant gehen die Besucher dann auf ein Kinogeb\u00e4ude zu, dessen Fassade 20 Tonnen wiegt, wovon allein 3 Tonnen auf das beleuchtete Schild entfallen.<br>Hinter dem Geb\u00e4ude erwartet die G\u00e4ste World Premiere Plaza, auf dem schon jetzt neue B\u00e4ume und Sitzgelegenheiten zu finden sind.<br>\u00dcber den Adventure Way werden alle L\u00e4nder des Parks, Avengers, Toy Story, Ratatouille und Frozen sowie sp\u00e4ter auch Lion King ansteuerbar sein. Die Blickachse geht von der Plaza direkt \u00fcber einen See auf den Nordberg von Arendelle.<br>Er\u00f6ffnung mit feierlichem Red-Carpet-Event soll am 15.5. sein.<\/p>\n\n\n\n<h4 class=\"wp-block-heading\" id=\"h-details-zum-bereich-adventure-way\">Details zum Bereich Adventure Way<\/h4>\n\n\n\n<figure class=\"wp-block-image size-full\"><img decoding=\"async\" width=\"1500\" height=\"999\" src=\"https:\/\/www.dein-dlrp.de\/disney-parks-magazin\/wp-content\/uploads\/2025\/04\/adventure-way-baustelle.jpg\" alt=\"Blick \u00fcber die Baustelle des Adventure Way aus der Vogelperspektive mit dem neuen See im Hintergrund\" class=\"wp-image-53293\" title=\"Blick \u00fcber die Baustelle des Adventure Way\" srcset=\"https:\/\/www.dein-dlrp.de\/disney-parks-magazin\/wp-content\/uploads\/2025\/04\/adventure-way-baustelle.jpg 1500w, https:\/\/www.dein-dlrp.de\/disney-parks-magazin\/wp-content\/uploads\/2025\/04\/adventure-way-baustelle-300x200.jpg 300w, https:\/\/www.dein-dlrp.de\/disney-parks-magazin\/wp-content\/uploads\/2025\/04\/adventure-way-baustelle-768x511.jpg 768w\" sizes=\"(max-width: 1500px) 100vw, 1500px\" \/><\/figure>\n\n\n\n<p>Michel den Dulk (Portfolio Executive Director von Walt Disney Imagineering Paris) verk\u00fcndete nun Neuigkeiten zum Adventure Way:<\/p>\n\n\n\n<ul class=\"wp-block-list\">\n<li>Der Weg ist ges\u00e4umt von verschiedenen G\u00e4rten, wie Gazebo Garden, der sich an den in England spielenden Geschichten wie Peter Pan und Winnie Pooh orientiert. Zus\u00e4tzlich zu einem Gazebo, der Meet and Greets oder eine Musikkapelle beherbergen kann, wird es zahlreiche Sitzm\u00f6glichkeiten mit Bronze Statuten von Winnie Pooh oder 101 Dalmatinern geben.<\/li>\n\n\n\n<li>Der Toy Story Garden verbindet mit seiner Thematisierung und den gro\u00dfen beiden neuen Figuren von Jesse und Woody den Adventure Way mit dem ToyStory-Land.<\/li>\n\n\n\n<li>Zus\u00e4tzlich zum Rapunzel-Karussell, das auf den Teetassen basiert wird es auf der gegen\u00fcberliegenden Seite des Adventure Way die erste Attraktion zu \u201eOben\u201c in Form eines Kettenkarussells geben.<\/li>\n\n\n\n<li>Auf dem neuen See finden bereits jetzt die \u00dcbungen zu einer neuen Abendshow mit Drohnen und anderen Effekten statt, die man vom Seeufer oder dem neuen Restaurant und Bar \u201eRegal View\u201c aus genie\u00dfen kann. In diesem Restaurant wird von morgens bis abends ein Prinzessinnen- Essen angeboten. Vom Stil her soll es an eine Sommerresidenz der Prinzessinnen erinnern.<\/li>\n\n\n\n<li>In der <a href=\"https:\/\/www.dein-dlrp.de\/disneyland-resort-paris\/walt-disney-studios\/frozen-land.html\">World of Frozen<\/a> wird es neben einem Quick Dining Restaurant, einem Shop auch die Attraktion Frozen Ever After geben, in der es \u00fcber 30 Audio-Animatronics geben wird. Im Schloss von Arendelle wird ein Meet and Greet mit Anna und Elsa stattfinden.<\/li>\n\n\n\n<li>F\u00fcr den 36 m hohen Nordberg wurden 400 Tonnen Stahl geformt und verkleidet. Alles ist handbemalt. Noch in diesem Sommer wird Elsas Eispalast installiert werden k\u00f6nnen.<\/li>\n\n\n\n<li>F\u00fcr das kommende <a href=\"https:\/\/www.dein-dlrp.de\/disneyland-resort-paris\/walt-disney-studios\/lion-king-land.html\">Lion King Land<\/a> ist am See das Ufer bereits thematisch gestaltet worden und die Grundfl\u00e4che wurde ger\u00e4umt. Der ebenfalls 36 m hohe Pride Rock mit seinem 16 m Drop wird sich am linken Seeufer an World of Frozen anschlie\u00dfen und neben der Attraktion auch ein Restaurant beinhalten.<\/li>\n<\/ul>\n\n\n\n<h3 class=\"wp-block-heading\" id=\"h-neuigkeiten-fur-die-disney-parks-aus-dem-showroom-des-mediaevents\">Neuigkeiten f\u00fcr die Disney Parks aus dem Showroom des Mediaevents<\/h3>\n\n\n\n<p>Bei der anschlie\u00dfenden Begehung der Showrooms erfuhr man noch weitere Kleinigkeiten, wie etwa neue Szenen f\u00fcr das Frontierland oder eine geplante, von \u201eFluch der Karibik\u201c inspirierte Schatzsuche im Adventureland.<\/p>\n\n\n\n<h3 class=\"wp-block-heading\" id=\"h-highlight-die-baustellen-fuhrung\">Highlight: die Baustellen-F\u00fchrung<\/h3>\n\n\n\n<figure class=\"wp-block-image size-full\"><img decoding=\"async\" width=\"1500\" height=\"874\" src=\"https:\/\/www.dein-dlrp.de\/disney-parks-magazin\/wp-content\/uploads\/2025\/04\/baustellenfuehrung.jpg\" alt=\"Baustellenf\u00fchrung auf der Baustelle von World Premiere, im Hintergrund die Kulisse des Disney Theater\" class=\"wp-image-53297\" title=\"Baustellenf\u00fchrung auf der Baustelle von World Premiere\" srcset=\"https:\/\/www.dein-dlrp.de\/disney-parks-magazin\/wp-content\/uploads\/2025\/04\/baustellenfuehrung.jpg 1500w, https:\/\/www.dein-dlrp.de\/disney-parks-magazin\/wp-content\/uploads\/2025\/04\/baustellenfuehrung-300x175.jpg 300w, https:\/\/www.dein-dlrp.de\/disney-parks-magazin\/wp-content\/uploads\/2025\/04\/baustellenfuehrung-768x447.jpg 768w\" sizes=\"(max-width: 1500px) 100vw, 1500px\" \/><\/figure>\n\n\n\n<p>Bei der sich anschlie\u00dfenden Baustellen-F\u00fchrung besichtigten wir zuerst die Baustelle von World Premiere. Beide gro\u00dfen Fassaden sind bereits komplett fertiggestellt. Fotografiert werden durfte lediglich die Fassade zum World Premiere Plaza hin. Der Shop ist auch in gro\u00dfen Teilen fertig, mit gro\u00dfen Kronleuchtern, Bord\u00fcren aus Echtholz und Regalen. Das Restaurant ist mit vielen Kunstpflanzen und Lichterketten best\u00fcckt, die vermitteln sollen, man diniere unter freiem Himmel. Und auch ein kleiner Quick Service f\u00fcr Getr\u00e4nke und Kaffee ist dort zu finden.<\/p>\n\n\n\n<p>Weiter ging es zum Adventure Way und als wir um den Bauzaun bogen und die Blickachse auf den Nordberg freigegeben wurde, waren reihum viele \u201eaahs\u201c und \u201eoohs\u201c zu h\u00f6ren. Das Pflaster ist noch nicht ganz fertig, zur Besichtigung wurde ein Teppich ausgerollt. Daf\u00fcr wurden bereits Tausende von B\u00e4umen und Pflanzen gesetzt, die bl\u00fchen und anfangen, gr\u00fcn zu werden. Die G\u00e4rten lassen sich also bereits erkennen. Der Toy Story Garden ist mit den Figuren bereits fast fertig. Im Gazebo Garden steht lediglich der Gazebo, die Bronzefiguren fehlen noch.<\/p>\n\n\n\n<p>Bei Rapunzel war der See mit dem Boot zu erkennen, dessen Laterne nachts leuchten und in dessen Wasser sich die gesamte Attraktion nachts spiegeln soll. <br>Die Attraktion selbst steht als Geb\u00e4ude, jedoch fest verh\u00fcllt.<\/p>\n\n\n\n<p>Gegen\u00fcber sah man bereits, dass an der Grundfl\u00e4che f\u00fcr das Kettenkarussell gearbeitet wird. Links hinter dem Kettenkarussell wird am Seeufer ein Quick Dining Restaurant entstehen, dessen Geb\u00e4ude ebenfalls schon zu erkennen ist. Wir bogen hier rechts ab, am Restaurant Regal View vorbei, dessen Fassade teilweise schon cremewei\u00df, mit kleinen gr\u00fcnen Blumenmustern bemalt ist.<\/p>\n\n\n\n<p>Es ging hinunter an den See, von wo aus man einen guten Blick auf die Plattform im See hatte, wo derzeit f\u00fcr die Abendshow geprobt wird. Die Zugbr\u00fccke Richtung World of Frozen stand offen, um die Schiffe, die w\u00e4hrend der Show von Cast Membern gelenkt werden, hindurchzulassen. Auf der anderen Seite des Sees erhebt sich majest\u00e4tisch der Nordberg, dessen rechte Seite bereits mit Schnee fertig gestaltet ist. Das Schloss und die H\u00e4userfassade von Arendelle, die an die Stadt Bergen angelehnt ist, sind bereits fertig.<\/p>\n\n\n\n<p>Im Allgemeinen machte die Baustelle einen sehr weitl\u00e4ufigen und ger\u00e4umigen Eindruck, der Wind \u00fcber den See war sehr erfrischend und man konnte sich sehr gut vorstellen, wie es sein wird, hier zwischen den L\u00e4ndern entlang zu bummeln. Bleibt zu hoffen, dass entlang des Adventure Way einige B\u00e4nke installiert werden, und es w\u00fcrde perfekt zum Verweilen einladen.<\/p>\n\n\n\n<h3 class=\"wp-block-heading\" id=\"h-ausblick-auf-das-disney-music-festival-zum-abschluss\">Ausblick auf das Disney Music Festival zum Abschluss<\/h3>\n\n\n\n<p>Kr\u00f6nender Abschluss des Tages bildete gegen Mitternacht eine Show im Videopolis \u201eMusic Hits Concert\u201c, bei der Disneyhits in mitrei\u00dfenden Medleys pr\u00e4sentiert wurden und als \u00dcberraschungs-DJs Chip und Dale auftraten.<\/p>\n\n\n\n<p>Mickey, Minnie, Miguel und Goofy pr\u00e4sentierten im Anschluss ihre neuen, farbenfrohen Kost\u00fcme f\u00fcr das MusicFestival.<\/p>\n\n\n\n<h4 class=\"wp-block-heading\" id=\"h-alle-neuigkeiten-zu-disneyland-vom-insidears-event-am-12-april-2025-im-video\">Alle Neuigkeiten zu Disneyland vom InsidEars Event am 12. April 2025 im Video<\/h4>\n\n\n\n<p>Wenn Ihr noch einmal einen \u00dcberblick \u00fcber alle Informationen des Events mit Bilder und einer Bewertung bekommen m\u00f6chtet, dann schaut Euch den Mausblick Spezial an:<\/p>\n\n\n\n<figure class=\"wp-block-embed is-type-video is-provider-youtube wp-block-embed-youtube wp-embed-aspect-16-9 wp-has-aspect-ratio\"><div class=\"wp-block-embed__wrapper\">\n<iframe loading=\"lazy\" title=\"Neue Oben Attraktion f\u00fcr Disneyland Paris, Renovierung der Sequoia Lodge &amp; noch mehr brandhei\u00dfe News\" width=\"500\" height=\"281\" src=\"https:\/\/www.youtube.com\/embed\/lqkFBfZYRw8?feature=oembed\" frameborder=\"0\" allow=\"accelerometer; autoplay; clipboard-write; encrypted-media; gyroscope; picture-in-picture; web-share\" referrerpolicy=\"strict-origin-when-cross-origin\" allowfullscreen><\/iframe>\n<\/div><\/figure>\n\n\n\n<p>Und auch zum Nachlesen im Detail mit Fotos und Konzeptzeichnungen findet Ihr selbstverst\u00e4ndlich ebenfalls in unserem Blog. Schaut einfach hier und lest den Artikel <a href=\"https:\/\/www.dein-dlrp.de\/disney-parks-magazin\/disneyland-paris-feiert-33-geburtstag-mit-neuen-enthuellungen-inklusive-neuer-details-zu-disney-adventure-world\/\">Disneyland Paris feiert 33. Geburtstag mit neuen Enth\u00fcllungen \u2013 inklusive neuer Details zu Disney Adventure World<\/a> zu diesem Thema.<\/p>\n<input class=\"fooboxshare_post_id\" type=\"hidden\" value=\"53278\"\/>","protected":false},"excerpt":{"rendered":"<p>Zum 33. Geburtstag lud Disneyland Paris am 12. April morgens um 9:30 Uhr zu einer Pressekonferenz in Studio D ein. Bei dieser Gelegenheit sollte es Ausblicke in die Zukunft des Resorts geben. Dabei sollte es nicht nur Ausblicke, sondern auch ganz konkrete Ank\u00fcndigungen f\u00fcr die beiden Disney Parks und das gesamte Resort geben. Sp\u00e4ter sollte [&hellip;]<\/p>\n","protected":false},"author":43,"featured_media":53286,"comment_status":"closed","ping_status":"closed","sticky":false,"template":"","format":"standard","meta":{"_acf_changed":false,"wprm-recipe-roundup-name":"","wprm-recipe-roundup-description":"","ngg_post_thumbnail":0,"footnotes":""},"categories":[11671,25,17,22],"tags":[14941,574,2237,858],"class_list":["post-53278","post","type-post","status-publish","format-standard","has-post-thumbnail","hentry","category-disneyland-paris","category-news-und-geruchte","category-events","category-magical-moments","tag-disney-adventure-world","tag-natacha-rafalski","tag-presseevent","tag-zukunft"],"acf":[],"yoast_head":"<title>Media- &amp; InsidEars Event zum 33. Geburtstag von Disneyland Paris<\/title>\n<meta name=\"description\" content=\"Das Disneyland Paris Event bietet aufregende Einblicke in kommende Attraktionen und das Disney Music Festival. Sei dabei!\" \/>\n<meta name=\"robots\" content=\"index, follow, max-snippet:-1, max-image-preview:large, max-video-preview:-1\" \/>\n<link rel=\"canonical\" href=\"https:\/\/www.dein-dlrp.de\/disney-parks-magazin\/media-insidears-event-zum-33-geburtstag-von-disneyland-paris\/\" \/>\n<meta property=\"og:locale\" content=\"de_DE\" \/>\n<meta property=\"og:type\" content=\"article\" \/>\n<meta property=\"og:title\" content=\"Media- &amp; InsidEars Event zum 33. Geburtstag von Disneyland Paris\" \/>\n<meta property=\"og:description\" content=\"Das Disneyland Paris Event bietet aufregende Einblicke in kommende Attraktionen und das Disney Music Festival. Sei dabei!\" \/>\n<meta property=\"og:url\" content=\"https:\/\/www.dein-dlrp.de\/disney-parks-magazin\/media-insidears-event-zum-33-geburtstag-von-disneyland-paris\/\" \/>\n<meta property=\"og:site_name\" content=\"Disney Parks Magazin\" \/>\n<meta property=\"article:publisher\" content=\"https:\/\/facebook.com\/deindlrp\" \/>\n<meta property=\"article:published_time\" content=\"2025-04-13T10:46:01+00:00\" \/>\n<meta property=\"article:modified_time\" content=\"2025-04-14T07:55:07+00:00\" \/>\n<meta property=\"og:image\" content=\"https:\/\/www.dein-dlrp.de\/disney-parks-magazin\/wp-content\/uploads\/2025\/04\/disneyland-paris-media-event.jpg\" \/>\n\t<meta property=\"og:image:width\" content=\"1500\" \/>\n\t<meta property=\"og:image:height\" content=\"785\" \/>\n\t<meta property=\"og:image:type\" content=\"image\/jpeg\" \/>\n<meta name=\"author\" content=\"Nicole\" \/>\n<meta name=\"twitter:card\" content=\"summary_large_image\" \/>\n<meta name=\"twitter:creator\" content=\"@deindlrp\" \/>\n<meta name=\"twitter:site\" content=\"@deindlrp\" \/>\n<meta name=\"twitter:label1\" content=\"Verfasst von\" \/>\n\t<meta name=\"twitter:data1\" content=\"Nicole\" \/>\n\t<meta name=\"twitter:label2\" content=\"Gesch\u00e4tzte Lesezeit\" \/>\n\t<meta name=\"twitter:data2\" content=\"10\u00a0Minuten\" \/>\n<script type=\"application\/ld+json\" class=\"yoast-schema-graph\">{\"@context\":\"https:\/\/schema.org\",\"@graph\":[{\"@type\":\"Article\",\"@id\":\"https:\/\/www.dein-dlrp.de\/disney-parks-magazin\/media-insidears-event-zum-33-geburtstag-von-disneyland-paris\/#article\",\"isPartOf\":{\"@id\":\"https:\/\/www.dein-dlrp.de\/disney-parks-magazin\/media-insidears-event-zum-33-geburtstag-von-disneyland-paris\/\"},\"author\":{\"name\":\"Nicole\",\"@id\":\"https:\/\/www.dein-dlrp.de\/disney-parks-magazin\/#\/schema\/person\/3f356c8be50b54f67cf2809fdbdc4603\"},\"headline\":\"Media- &amp; InsidEars Event zum 33. Geburtstag von Disneyland Paris\",\"datePublished\":\"2025-04-13T10:46:01+00:00\",\"dateModified\":\"2025-04-14T07:55:07+00:00\",\"mainEntityOfPage\":{\"@id\":\"https:\/\/www.dein-dlrp.de\/disney-parks-magazin\/media-insidears-event-zum-33-geburtstag-von-disneyland-paris\/\"},\"wordCount\":1532,\"publisher\":{\"@id\":\"https:\/\/www.dein-dlrp.de\/disney-parks-magazin\/#organization\"},\"image\":{\"@id\":\"https:\/\/www.dein-dlrp.de\/disney-parks-magazin\/media-insidears-event-zum-33-geburtstag-von-disneyland-paris\/#primaryimage\"},\"thumbnailUrl\":\"https:\/\/www.dein-dlrp.de\/disney-parks-magazin\/wp-content\/uploads\/2025\/04\/disneyland-paris-media-event.jpg\",\"keywords\":[\"Disney Adventure World\",\"Natacha Rafalski\",\"Presseevent\",\"Zukunft\"],\"articleSection\":[\"Disneyland Paris\",\"Disneyland Paris News und Ger\u00fcchte\",\"Events\",\"Magical Moments\"],\"inLanguage\":\"de\"},{\"@type\":\"WebPage\",\"@id\":\"https:\/\/www.dein-dlrp.de\/disney-parks-magazin\/media-insidears-event-zum-33-geburtstag-von-disneyland-paris\/\",\"url\":\"https:\/\/www.dein-dlrp.de\/disney-parks-magazin\/media-insidears-event-zum-33-geburtstag-von-disneyland-paris\/\",\"name\":\"Media- &amp; InsidEars Event zum 33. Geburtstag von Disneyland Paris\",\"isPartOf\":{\"@id\":\"https:\/\/www.dein-dlrp.de\/disney-parks-magazin\/#website\"},\"primaryImageOfPage\":{\"@id\":\"https:\/\/www.dein-dlrp.de\/disney-parks-magazin\/media-insidears-event-zum-33-geburtstag-von-disneyland-paris\/#primaryimage\"},\"image\":{\"@id\":\"https:\/\/www.dein-dlrp.de\/disney-parks-magazin\/media-insidears-event-zum-33-geburtstag-von-disneyland-paris\/#primaryimage\"},\"thumbnailUrl\":\"https:\/\/www.dein-dlrp.de\/disney-parks-magazin\/wp-content\/uploads\/2025\/04\/disneyland-paris-media-event.jpg\",\"datePublished\":\"2025-04-13T10:46:01+00:00\",\"dateModified\":\"2025-04-14T07:55:07+00:00\",\"description\":\"Das Disneyland Paris Event bietet aufregende Einblicke in kommende Attraktionen und das Disney Music Festival. Sei dabei!\",\"breadcrumb\":{\"@id\":\"https:\/\/www.dein-dlrp.de\/disney-parks-magazin\/media-insidears-event-zum-33-geburtstag-von-disneyland-paris\/#breadcrumb\"},\"inLanguage\":\"de\",\"potentialAction\":[{\"@type\":\"ReadAction\",\"target\":[\"https:\/\/www.dein-dlrp.de\/disney-parks-magazin\/media-insidears-event-zum-33-geburtstag-von-disneyland-paris\/\"]}]},{\"@type\":\"ImageObject\",\"inLanguage\":\"de\",\"@id\":\"https:\/\/www.dein-dlrp.de\/disney-parks-magazin\/media-insidears-event-zum-33-geburtstag-von-disneyland-paris\/#primaryimage\",\"url\":\"https:\/\/www.dein-dlrp.de\/disney-parks-magazin\/wp-content\/uploads\/2025\/04\/disneyland-paris-media-event.jpg\",\"contentUrl\":\"https:\/\/www.dein-dlrp.de\/disney-parks-magazin\/wp-content\/uploads\/2025\/04\/disneyland-paris-media-event.jpg\",\"width\":1500,\"height\":785,\"caption\":\"Grafik mit dem Datum 12.04. und der Aufschrift Disneyland Paris\"},{\"@type\":\"BreadcrumbList\",\"@id\":\"https:\/\/www.dein-dlrp.de\/disney-parks-magazin\/media-insidears-event-zum-33-geburtstag-von-disneyland-paris\/#breadcrumb\",\"itemListElement\":[{\"@type\":\"ListItem\",\"position\":1,\"name\":\"Disney Parks Magazin\",\"item\":\"https:\/\/www.dein-dlrp.de\/disney-parks-magazin\/\"},{\"@type\":\"ListItem\",\"position\":2,\"name\":\"Media- &amp; InsidEars Event zum 33. Geburtstag von Disneyland Paris\"}]},{\"@type\":\"WebSite\",\"@id\":\"https:\/\/www.dein-dlrp.de\/disney-parks-magazin\/#website\",\"url\":\"https:\/\/www.dein-dlrp.de\/disney-parks-magazin\/\",\"name\":\"dein-dlrp Disney Parks Reisef\u00fchrer\",\"description\":\"Das Blog zu Disneyland Paris &amp; Walt Disney World\",\"publisher\":{\"@id\":\"https:\/\/www.dein-dlrp.de\/disney-parks-magazin\/#organization\"},\"potentialAction\":[{\"@type\":\"SearchAction\",\"target\":{\"@type\":\"EntryPoint\",\"urlTemplate\":\"https:\/\/www.dein-dlrp.de\/disney-parks-magazin\/?s={search_term_string}\"},\"query-input\":{\"@type\":\"PropertyValueSpecification\",\"valueRequired\":true,\"valueName\":\"search_term_string\"}}],\"inLanguage\":\"de\"},{\"@type\":\"Organization\",\"@id\":\"https:\/\/www.dein-dlrp.de\/disney-parks-magazin\/#organization\",\"name\":\"dein-dlrp.de Disney Parks Reisef\u00fchrer\",\"url\":\"https:\/\/www.dein-dlrp.de\/disney-parks-magazin\/\",\"logo\":{\"@type\":\"ImageObject\",\"inLanguage\":\"de\",\"@id\":\"https:\/\/www.dein-dlrp.de\/disney-parks-magazin\/#\/schema\/logo\/image\/\",\"url\":\"https:\/\/www.dein-dlrp.de\/disney-parks-magazin\/wp-content\/uploads\/2023\/06\/dein-dlrp-disney-parks-magazin.png\",\"contentUrl\":\"https:\/\/www.dein-dlrp.de\/disney-parks-magazin\/wp-content\/uploads\/2023\/06\/dein-dlrp-disney-parks-magazin.png\",\"width\":1500,\"height\":384,\"caption\":\"dein-dlrp.de Disney Parks Reisef\u00fchrer\"},\"image\":{\"@id\":\"https:\/\/www.dein-dlrp.de\/disney-parks-magazin\/#\/schema\/logo\/image\/\"},\"sameAs\":[\"https:\/\/facebook.com\/deindlrp\",\"https:\/\/x.com\/deindlrp\",\"https:\/\/instagram.com\/deindlrp\",\"https:\/\/www.pinterest.de\/deindlrp\/\",\"http:\/\/www.youtube.com\/deindlrp\",\"https:\/\/www.tiktok.com\/@deindlrp\"]},{\"@type\":\"Person\",\"@id\":\"https:\/\/www.dein-dlrp.de\/disney-parks-magazin\/#\/schema\/person\/3f356c8be50b54f67cf2809fdbdc4603\",\"name\":\"Nicole\",\"image\":{\"@type\":\"ImageObject\",\"inLanguage\":\"de\",\"@id\":\"https:\/\/www.dein-dlrp.de\/disney-parks-magazin\/#\/schema\/person\/image\/\",\"url\":\"https:\/\/secure.gravatar.com\/avatar\/49b31ad6af2450014801ee011036675c9525c42b78628d9ab9c347cfc47f9102?s=96&d=mm&r=g\",\"contentUrl\":\"https:\/\/secure.gravatar.com\/avatar\/49b31ad6af2450014801ee011036675c9525c42b78628d9ab9c347cfc47f9102?s=96&d=mm&r=g\",\"caption\":\"Nicole\"},\"description\":\"ich bin 39 Jahre alt, Lehrerin, komme aus der Frankfurter Gegend und liebe es mit meiner Tochter, Freundinnen oder auch sehr gerne alleine ins Disneyland zu fahren.\",\"url\":\"https:\/\/www.dein-dlrp.de\/disney-parks-magazin\/author\/nicole-elida\/\"}]}<\/script>","yoast_head_json":{"title":"Media- &amp; InsidEars Event zum 33. Geburtstag von Disneyland Paris","description":"Das Disneyland Paris Event bietet aufregende Einblicke in kommende Attraktionen und das Disney Music Festival. Sei dabei!","robots":{"index":"index","follow":"follow","max-snippet":"max-snippet:-1","max-image-preview":"max-image-preview:large","max-video-preview":"max-video-preview:-1"},"canonical":"https:\/\/www.dein-dlrp.de\/disney-parks-magazin\/media-insidears-event-zum-33-geburtstag-von-disneyland-paris\/","og_locale":"de_DE","og_type":"article","og_title":"Media- &amp; InsidEars Event zum 33. Geburtstag von Disneyland Paris","og_description":"Das Disneyland Paris Event bietet aufregende Einblicke in kommende Attraktionen und das Disney Music Festival. Sei dabei!","og_url":"https:\/\/www.dein-dlrp.de\/disney-parks-magazin\/media-insidears-event-zum-33-geburtstag-von-disneyland-paris\/","og_site_name":"Disney Parks Magazin","article_publisher":"https:\/\/facebook.com\/deindlrp","article_published_time":"2025-04-13T10:46:01+00:00","article_modified_time":"2025-04-14T07:55:07+00:00","og_image":[{"width":1500,"height":785,"url":"https:\/\/www.dein-dlrp.de\/disney-parks-magazin\/wp-content\/uploads\/2025\/04\/disneyland-paris-media-event.jpg","type":"image\/jpeg"}],"author":"Nicole","twitter_card":"summary_large_image","twitter_creator":"@deindlrp","twitter_site":"@deindlrp","twitter_misc":{"Verfasst von":"Nicole","Gesch\u00e4tzte Lesezeit":"10\u00a0Minuten"},"schema":{"@context":"https:\/\/schema.org","@graph":[{"@type":"Article","@id":"https:\/\/www.dein-dlrp.de\/disney-parks-magazin\/media-insidears-event-zum-33-geburtstag-von-disneyland-paris\/#article","isPartOf":{"@id":"https:\/\/www.dein-dlrp.de\/disney-parks-magazin\/media-insidears-event-zum-33-geburtstag-von-disneyland-paris\/"},"author":{"name":"Nicole","@id":"https:\/\/www.dein-dlrp.de\/disney-parks-magazin\/#\/schema\/person\/3f356c8be50b54f67cf2809fdbdc4603"},"headline":"Media- &amp; InsidEars Event zum 33. Geburtstag von Disneyland Paris","datePublished":"2025-04-13T10:46:01+00:00","dateModified":"2025-04-14T07:55:07+00:00","mainEntityOfPage":{"@id":"https:\/\/www.dein-dlrp.de\/disney-parks-magazin\/media-insidears-event-zum-33-geburtstag-von-disneyland-paris\/"},"wordCount":1532,"publisher":{"@id":"https:\/\/www.dein-dlrp.de\/disney-parks-magazin\/#organization"},"image":{"@id":"https:\/\/www.dein-dlrp.de\/disney-parks-magazin\/media-insidears-event-zum-33-geburtstag-von-disneyland-paris\/#primaryimage"},"thumbnailUrl":"https:\/\/www.dein-dlrp.de\/disney-parks-magazin\/wp-content\/uploads\/2025\/04\/disneyland-paris-media-event.jpg","keywords":["Disney Adventure World","Natacha Rafalski","Presseevent","Zukunft"],"articleSection":["Disneyland Paris","Disneyland Paris News und Ger\u00fcchte","Events","Magical Moments"],"inLanguage":"de"},{"@type":"WebPage","@id":"https:\/\/www.dein-dlrp.de\/disney-parks-magazin\/media-insidears-event-zum-33-geburtstag-von-disneyland-paris\/","url":"https:\/\/www.dein-dlrp.de\/disney-parks-magazin\/media-insidears-event-zum-33-geburtstag-von-disneyland-paris\/","name":"Media- &amp; InsidEars Event zum 33. Geburtstag von Disneyland Paris","isPartOf":{"@id":"https:\/\/www.dein-dlrp.de\/disney-parks-magazin\/#website"},"primaryImageOfPage":{"@id":"https:\/\/www.dein-dlrp.de\/disney-parks-magazin\/media-insidears-event-zum-33-geburtstag-von-disneyland-paris\/#primaryimage"},"image":{"@id":"https:\/\/www.dein-dlrp.de\/disney-parks-magazin\/media-insidears-event-zum-33-geburtstag-von-disneyland-paris\/#primaryimage"},"thumbnailUrl":"https:\/\/www.dein-dlrp.de\/disney-parks-magazin\/wp-content\/uploads\/2025\/04\/disneyland-paris-media-event.jpg","datePublished":"2025-04-13T10:46:01+00:00","dateModified":"2025-04-14T07:55:07+00:00","description":"Das Disneyland Paris Event bietet aufregende Einblicke in kommende Attraktionen und das Disney Music Festival. Sei dabei!","breadcrumb":{"@id":"https:\/\/www.dein-dlrp.de\/disney-parks-magazin\/media-insidears-event-zum-33-geburtstag-von-disneyland-paris\/#breadcrumb"},"inLanguage":"de","potentialAction":[{"@type":"ReadAction","target":["https:\/\/www.dein-dlrp.de\/disney-parks-magazin\/media-insidears-event-zum-33-geburtstag-von-disneyland-paris\/"]}]},{"@type":"ImageObject","inLanguage":"de","@id":"https:\/\/www.dein-dlrp.de\/disney-parks-magazin\/media-insidears-event-zum-33-geburtstag-von-disneyland-paris\/#primaryimage","url":"https:\/\/www.dein-dlrp.de\/disney-parks-magazin\/wp-content\/uploads\/2025\/04\/disneyland-paris-media-event.jpg","contentUrl":"https:\/\/www.dein-dlrp.de\/disney-parks-magazin\/wp-content\/uploads\/2025\/04\/disneyland-paris-media-event.jpg","width":1500,"height":785,"caption":"Grafik mit dem Datum 12.04. und der Aufschrift Disneyland Paris"},{"@type":"BreadcrumbList","@id":"https:\/\/www.dein-dlrp.de\/disney-parks-magazin\/media-insidears-event-zum-33-geburtstag-von-disneyland-paris\/#breadcrumb","itemListElement":[{"@type":"ListItem","position":1,"name":"Disney Parks Magazin","item":"https:\/\/www.dein-dlrp.de\/disney-parks-magazin\/"},{"@type":"ListItem","position":2,"name":"Media- &amp; InsidEars Event zum 33. Geburtstag von Disneyland Paris"}]},{"@type":"WebSite","@id":"https:\/\/www.dein-dlrp.de\/disney-parks-magazin\/#website","url":"https:\/\/www.dein-dlrp.de\/disney-parks-magazin\/","name":"dein-dlrp Disney Parks Reisef\u00fchrer","description":"Das Blog zu Disneyland Paris &amp; Walt Disney World","publisher":{"@id":"https:\/\/www.dein-dlrp.de\/disney-parks-magazin\/#organization"},"potentialAction":[{"@type":"SearchAction","target":{"@type":"EntryPoint","urlTemplate":"https:\/\/www.dein-dlrp.de\/disney-parks-magazin\/?s={search_term_string}"},"query-input":{"@type":"PropertyValueSpecification","valueRequired":true,"valueName":"search_term_string"}}],"inLanguage":"de"},{"@type":"Organization","@id":"https:\/\/www.dein-dlrp.de\/disney-parks-magazin\/#organization","name":"dein-dlrp.de Disney Parks Reisef\u00fchrer","url":"https:\/\/www.dein-dlrp.de\/disney-parks-magazin\/","logo":{"@type":"ImageObject","inLanguage":"de","@id":"https:\/\/www.dein-dlrp.de\/disney-parks-magazin\/#\/schema\/logo\/image\/","url":"https:\/\/www.dein-dlrp.de\/disney-parks-magazin\/wp-content\/uploads\/2023\/06\/dein-dlrp-disney-parks-magazin.png","contentUrl":"https:\/\/www.dein-dlrp.de\/disney-parks-magazin\/wp-content\/uploads\/2023\/06\/dein-dlrp-disney-parks-magazin.png","width":1500,"height":384,"caption":"dein-dlrp.de Disney Parks Reisef\u00fchrer"},"image":{"@id":"https:\/\/www.dein-dlrp.de\/disney-parks-magazin\/#\/schema\/logo\/image\/"},"sameAs":["https:\/\/facebook.com\/deindlrp","https:\/\/x.com\/deindlrp","https:\/\/instagram.com\/deindlrp","https:\/\/www.pinterest.de\/deindlrp\/","http:\/\/www.youtube.com\/deindlrp","https:\/\/www.tiktok.com\/@deindlrp"]},{"@type":"Person","@id":"https:\/\/www.dein-dlrp.de\/disney-parks-magazin\/#\/schema\/person\/3f356c8be50b54f67cf2809fdbdc4603","name":"Nicole","image":{"@type":"ImageObject","inLanguage":"de","@id":"https:\/\/www.dein-dlrp.de\/disney-parks-magazin\/#\/schema\/person\/image\/","url":"https:\/\/secure.gravatar.com\/avatar\/49b31ad6af2450014801ee011036675c9525c42b78628d9ab9c347cfc47f9102?s=96&d=mm&r=g","contentUrl":"https:\/\/secure.gravatar.com\/avatar\/49b31ad6af2450014801ee011036675c9525c42b78628d9ab9c347cfc47f9102?s=96&d=mm&r=g","caption":"Nicole"},"description":"ich bin 39 Jahre alt, Lehrerin, komme aus der Frankfurter Gegend und liebe es mit meiner Tochter, Freundinnen oder auch sehr gerne alleine ins Disneyland zu fahren.","url":"https:\/\/www.dein-dlrp.de\/disney-parks-magazin\/author\/nicole-elida\/"}]}},"_links":{"self":[{"href":"https:\/\/www.dein-dlrp.de\/disney-parks-magazin\/wp-json\/wp\/v2\/posts\/53278","targetHints":{"allow":["GET"]}}],"collection":[{"href":"https:\/\/www.dein-dlrp.de\/disney-parks-magazin\/wp-json\/wp\/v2\/posts"}],"about":[{"href":"https:\/\/www.dein-dlrp.de\/disney-parks-magazin\/wp-json\/wp\/v2\/types\/post"}],"author":[{"embeddable":true,"href":"https:\/\/www.dein-dlrp.de\/disney-parks-magazin\/wp-json\/wp\/v2\/users\/43"}],"replies":[{"embeddable":true,"href":"https:\/\/www.dein-dlrp.de\/disney-parks-magazin\/wp-json\/wp\/v2\/comments?post=53278"}],"version-history":[{"count":0,"href":"https:\/\/www.dein-dlrp.de\/disney-parks-magazin\/wp-json\/wp\/v2\/posts\/53278\/revisions"}],"wp:featuredmedia":[{"embeddable":true,"href":"https:\/\/www.dein-dlrp.de\/disney-parks-magazin\/wp-json\/wp\/v2\/media\/53286"}],"wp:attachment":[{"href":"https:\/\/www.dein-dlrp.de\/disney-parks-magazin\/wp-json\/wp\/v2\/media?parent=53278"}],"wp:term":[{"taxonomy":"category","embeddable":true,"href":"https:\/\/www.dein-dlrp.de\/disney-parks-magazin\/wp-json\/wp\/v2\/categories?post=53278"},{"taxonomy":"post_tag","embeddable":true,"href":"https:\/\/www.dein-dlrp.de\/disney-parks-magazin\/wp-json\/wp\/v2\/tags?post=53278"}],"curies":[{"name":"wp","href":"https:\/\/api.w.org\/{rel}","templated":true}]}}