{"id":3746,"date":"2014-10-26T14:00:55","date_gmt":"2014-10-26T12:00:55","guid":{"rendered":"\/disney-parks-magazin\/?p=3746"},"modified":"2020-05-07T12:07:09","modified_gmt":"2020-05-07T10:07:09","slug":"malefiz-character-safari-teil-21","status":"publish","type":"post","link":"https:\/\/www.dein-dlrp.de\/disney-parks-magazin\/malefiz-character-safari-teil-21\/","title":{"rendered":"Malefiz &#8211; Character Safari Teil 21"},"content":{"rendered":"<p><a href=\"\/disney-parks-magazin\/wp-content\/uploads\/2014\/10\/maleficent-1.jpg\"><img decoding=\"async\" class=\"aligncenter size-full wp-image-4007\" alt=\"Maleficent im Disneyland treffen\" src=\"\/disney-parks-magazin\/wp-content\/uploads\/2014\/10\/maleficent-1.jpg\" width=\"690\" height=\"347\" srcset=\"https:\/\/www.dein-dlrp.de\/disney-parks-magazin\/wp-content\/uploads\/2014\/10\/maleficent-1.jpg 1000w, https:\/\/www.dein-dlrp.de\/disney-parks-magazin\/wp-content\/uploads\/2014\/10\/maleficent-1-300x151.jpg 300w, https:\/\/www.dein-dlrp.de\/disney-parks-magazin\/wp-content\/uploads\/2014\/10\/maleficent-1-768x386.jpg 768w\" sizes=\"(max-width: 690px) 100vw, 690px\" \/><\/a>Sie f\u00fchrt dieses Jahr zu <a href=\"https:\/\/www.dein-dlrp.de\/disneyland-resort-paris\/events-shows\/saisonales\/halloween-im-disneyland.html\">Halloween die Villains-Gang im Disneyland Paris<\/a> an: Malefiz! Die perfekte Verk\u00f6rperung des B\u00f6sen!<br \/>\nMit ihren langen, geschwungenen H\u00f6rnern, dem langen schwarzen Mantel, dem langen Stab und dem schwarzen Raben Diabolo an ihrer Seite, so kennen und f\u00fcrchten wir sie, denn wie b\u00f6se muss man sein, um ein neugeborenes unschuldiges Baby zum Tode zu verfluchen?<br \/>\nZum Gl\u00fcck hatte Aurora die Feen Flora, Fauna und Sonnenschein an ihrer Seite, die den Fluch zu einem todes\u00e4hnlichen Schlaf abschw\u00e4chen konnten.<br \/>\nDoch mit Malefiz legt man sich besser nicht an! Wenn sie so richtig w\u00fctend wird, verwandelt sie sich auch gerne mal in einen furchterregenden, feuerspuckenden Drachen!<\/p>\n<p>So kannten wir Malefiz bisher, doch dann zeigte Disney mit der Verfilmung &#8220;Maleficent die dunkle Fee&#8221;, mit Angelina Jolie in der Hauptrolle, eine ganz andere Seite des klassischen Villains.<br \/>\n<!--more--><\/p>\n<h2>Die etwas andere Sicht &#8211; Malefiz im Film &#8220;Maleficent die dunkle Fee&#8221;<\/h2>\n<p><a href=\"\/disney-parks-magazin\/wp-content\/uploads\/2014\/10\/maleficent-2.jpg\"><img decoding=\"async\" class=\"alignleft size-medium wp-image-4008\" alt=\"Malefiz aus Dornr\u00f6schen im DLP w\u00e4hrend der Villains Promenade\" src=\"\/disney-parks-magazin\/wp-content\/uploads\/2014\/10\/maleficent-2-291x300.jpg\" width=\"291\" height=\"300\"><\/a>Malefiz w\u00e4chst im Reich der Feen und Zauberwesen in den Mooren auf und hat eine gl\u00fcckliche Kindheit, sie ist fr\u00f6hlich, neugierig und mutig.<br \/>\nEines Tages betritt ein Mensch die Moore, der junge Stefan, und wird beim Stehlen erwischt. Malefiz zwingt ihn die Beute, einen Edelstein, wieder herauszugeben und begleitet ihn zur Grenze der K\u00f6nigreiche. Zum Abschied geben sich die beiden die H\u00e4nde, doch an Stefans Eisenring verbrennt sich Malefiz. Stefan wirft ihn sofort weg und die beiden freunden sich an.<br \/>\nViele Jahre verbindet sie eine enge Freundschaft und schlie\u00dflich verlieben sich die beiden ineinander. Zum 16. Geburtstag schenkt Stefan Malefiz dann etwas ganz Besonderes: den Kuss der wahren Liebe!<br \/>\nDoch Stefan wandte sich mehr und mehr dem K\u00f6nigreich zu w\u00e4hrend Malefiz zur kl\u00fcgsten und st\u00e4rksten aller Feen heranw\u00e4chst, wodurch sie schlie\u00dflich zur Besch\u00fctzerin der Moore ernannt wird.<br \/>\nAls der K\u00f6nig der Menschen von der erstarkenden Macht in den Mooren erf\u00e4hrt, beschlie\u00dft er diese zu vernichten! Doch gegen Malefiz hat er nat\u00fcrlich keine Chance und wird auf dem Schlachtfeld von ihr t\u00f6dlich verwundet.<br \/>\nAuf dem Sterbebett verk\u00fcndet der K\u00f6nig, dass derjenige sein Nachfolger werde und die Hand seiner Tochter erhalte, der ihn r\u00e4che und die Fee t\u00f6te.<br \/>\nStefan kehrt in die Moore zur\u00fcck und verbringt einen romantischen Abend mit Malefiz, doch er hat ihr ein Schlafmittel ins Getr\u00e4nk gemischt, als Malefiz schlie\u00dflich bewusstlos am Boden liegt, schneidet er ihre gro\u00dfen, wundersch\u00f6nen, kr\u00e4ftigen Fl\u00fcgel ab!<br \/>\nDaraufhin wird Stefan K\u00f6nig und heiratet die Tochter seines Vorg\u00e4ngers. Die Beiden bekommen bald darauf eine wundersch\u00f6ne Tochter: Aurora.<br \/>\nAls Malefiz davon erf\u00e4hrt, l\u00e4sst sie ihrer Wut freien Lauf. Sie st\u00f6rt die Feier f\u00fcr die junge Prinzessin und spricht ihren Fluch aus. Nachdem Stefan um Gnade fleht, schw\u00e4cht sie ihren Fluch jedoch ab und r\u00e4umt ein, dass der Fluch durch der wahren Liebe Kuss gebrochen werden kann.<\/p>\n<p>Aurora wird von den drei guten Feen im Verborgenen aufgezogen, so denken sie zumindest.<br \/>\nDoch Malefiz hat st\u00e4ndig, jedoch heimlich, selbst ein Auge auf die junge Prinzessin, besucht sie sogar h\u00e4ufig und bewahrt sie mehrfach vor Leid und Schmerz \u2013 immer im Verborgenen. Schlie\u00dflich trifft Aurora Malefiz wirklich, doch das M\u00e4dchen ahnt nichts vom b\u00f6sen Fluch, der auf ihm liegt, und wei\u00df auch nicht um die Identit\u00e4t von Malefiz, stattdessen sieht sie in ihr ihre gute Fee, da sie immer f\u00fcr sie da ist und sie besch\u00fctzt.<br \/>\nDie beiden verbringen viel Zeit miteinander und die Beziehung zwischen ihnen wird immer inniger.<br \/>\nMalefiz bereut inzwischen ihren Fluch und versucht schlie\u00dflich sogar diesen zur\u00fcckzunehmen, doch ohne Erfolg, hatte sie doch im Fluch selbst noch erw\u00e4hnt, dass keine Macht dieser Welt etwas daran \u00e4ndern k\u00f6nne.<\/p>\n<p>Kurz vor ihrem 16. Geburtstag beschlie\u00dft Aurora, ihre Zukunft in den Mooren gemeinsam mit Malefiz zu verbringen. Als sie dies ihren Tanten, den drei guten Feen, erz\u00e4hlt, beichten sie Aurora ihre wahre Identit\u00e4t.<br \/>\nAls Aurora auf das Schloss zur\u00fcckkehrt, um ihre Eltern kennenzulernen, einen Tag vor ihrem 16. Geburtstag, l\u00e4sst Stefan sie erschrocken in einen Turm einsperren. Doch nat\u00fcrlich sticht sich Aurora an einer Spindel und verf\u00e4llt in den todes\u00e4hnlichen Schlaf \u2013 genau wie es der Fluch besagt hat.<\/p>\n<p>Malefiz folgt Aurora auf das Schloss, und bringt den jungen Prinzen mit, den Aurora kurz zuvor kennengelernt hatte. Obwohl die Fee nicht an die wahre Liebe glaubt, hofft sie, dass der Prinz den Fluch brechen und Aurora retten k\u00f6nne. Doch der Kuss des Prinzen bleibt ohne Wirkung und Malefiz spricht voller Reue zu der schlafenden Aurora:<br \/>\n\u201eDu hast gestohlen, was von meinem Herzen \u00fcbrig war und jetzt hab ich dich f\u00fcr immer verloren. Ich schw\u00f6re: Dir wird niemals ein Leid geschehen, solange ich lebe und kein Tag wird vergehen, an dem mir dein L\u00e4cheln nicht fehlen wird!\u201c<br \/>\nDann k\u00fcsst sie Aurora auf die Stirn. Der Kuss der Fee, die sie einst verfluchte, rettet sie nun.<\/p>\n<p>Doch damit ist die Geschichte noch nicht vorbei: Stefan hatte damit gerechnet, dass Malefiz auf das Schloss kommen w\u00fcrde, und hat jede Menge Eisenwaffen schmieden lassen.<br \/>\nMalefiz tappt in seine Falle, auch der in einen Drachen verwandelte Rabe Diavolo, der ihr seit vielen Jahren treu zur Seite steht, kann ihr nicht helfen.<br \/>\nAber Aurora findet inzwischen Malefiz Fl\u00fcgel, die der K\u00f6nig eingesperrt verwahrt hatte, und befreit sie, sodass sie zur Malefiz zur\u00fcckkehren k\u00f6nnen.<br \/>\nMalefiz befreit sich und erh\u00e4lt sie M\u00f6glichkeit sich an Stefan zu r\u00e4chen und ihn zu t\u00f6ten, doch sie hat Gnade mit ihm und l\u00e4sst ihn leben, sie sagt \u201ees ist vorbei\u201c. Doch Stefan sieht dies anders und greift Malefiz erneut an. Als sie ihn abwehrt, st\u00fcrzt dieser jedoch in die Tiefe und stirbt.<br \/>\nMalefiz rei\u00dft den Dornenwall, mit dem sie ihr Reich vor den Menschen abgeschirmt hat ein und vereint die Reiche der Feen und Zauberwesen mit dem der Menschen und ernennt Aurora zu seiner K\u00f6nigin.<\/p>\n<p>Malefiz wird in diesem neuen Film als gute Fee dargestellt, die stark von ihren Gef\u00fchlen geleitet wird und gro\u00dfe Macht besitzt, doch wenn sie in Wut ger\u00e4t, kann sie diese nicht mehr kontrollieren. So entstehen Angst und Schrecken. Doch im Laufe der Zeit gelingt es Malefiz, ihre dunkle Seite zu \u00fcberwinden.<\/p>\n<p><a href=\"\/disney-parks-magazin\/wp-content\/uploads\/2014\/10\/maleficent-4.jpg\"><img decoding=\"async\" class=\"alignright size-medium wp-image-4009\" alt=\"Malefiz auf einem Bleiglassfenster im Dornr\u00f6schen-Schlo\u00df im Disneyland Paris\" src=\"\/disney-parks-magazin\/wp-content\/uploads\/2014\/10\/maleficent-4-276x300.jpg\" width=\"276\" height=\"300\"><\/a><\/p>\n<h3>Triff Malefiz im Disneyland Paris<\/h3>\n<p>Wie ist Malefiz nun wirklich? Finde es heraus und triff sie im Disneyland Paris!<br \/>\nNoch bis zum 31. Oktober kannst Du sie bei der Villains Promenade, kurz nach der Park\u00f6ffnung, am <a href=\"https:\/\/www.dein-dlrp.de\/disneyland-resort-paris\/disneyland-park\/main-street-usa\/attraktionen\/central-plaza.html\">Central Plaza<\/a> erleben und mit etwas Gl\u00fcck triffst Du sie im Verlauf des Tages bei &#8220;Maleficent&#8217;s Court&#8221; im Innenhof des Schlosses gemeinsam mit anderen Villains.<\/p>\n<p>Ganzj\u00e4hrig k\u00f6nnt ihr Malefiz und ihre Geschichte (oder war es die von Dornr\u00f6schen?) im <a href=\"https:\/\/www.dein-dlrp.de\/disneyland-resort-paris\/disneyland-park\/fantasyland\/attraktionen\/sleeping-beauty-castle.html\">Inneren des Schlosses, auf wundersch\u00f6nen Wandteppichen und Bleiglasfenstern<\/a>, bewundern.<\/p>\n<p>Magst Du es lieber freundlich, nett und sch\u00f6n? Dann kannst Du auch Aurora treffen. Wo die Prinzessin im Disneyland Paris zur Audienz l\u00e4dt, kannst Du <a href=\"\/disney-parks-magazin\/aurora-character-safari-teil-elf\/\">hier<\/a>, in einem anderen Teil der Character Safari erfahren.<\/p>\n<div style=\"clear: both;\"><\/div>\n<input class=\"fooboxshare_post_id\" type=\"hidden\" value=\"3746\"\/>","protected":false},"excerpt":{"rendered":"<p>Sie f\u00fchrt dieses Jahr zu Halloween die Villains-Gang im Disneyland Paris an: Malefiz! Die perfekte Verk\u00f6rperung des B\u00f6sen! Mit ihren langen, geschwungenen H\u00f6rnern, dem langen schwarzen Mantel, dem langen Stab und dem schwarzen Raben Diabolo an ihrer Seite, so kennen und f\u00fcrchten wir sie, denn wie b\u00f6se muss man sein, um ein neugeborenes unschuldiges Baby [&hellip;]<\/p>\n","protected":false},"author":3,"featured_media":4007,"comment_status":"open","ping_status":"closed","sticky":false,"template":"","format":"standard","meta":{"_acf_changed":false,"wprm-recipe-roundup-name":"","wprm-recipe-roundup-description":"","ngg_post_thumbnail":0,"footnotes":""},"categories":[31,47,11671],"tags":[232,256,270,282,399,510,711],"class_list":["post-3746","post","type-post","status-publish","format-standard","has-post-thumbnail","hentry","category-serien","category-character-safari","category-disneyland-paris","tag-disney-characters","tag-disney-villains","tag-disneyland-park","tag-dornroschen","tag-halloween","tag-maleficent","tag-sleeping-beauty-castle"],"acf":[],"yoast_head":"<title>Malefiz \/ Maleficent im Disneyland Paris - Character Safari<\/title>\n<meta name=\"description\" content=\"Triff Maleficent aus Dornr\u00f6schen die Anf\u00fchrerin der Halloween Villains-Gang im Disneyland Paris: Villains Promenade, Castle Courtyard und Schloss!\" \/>\n<meta name=\"robots\" content=\"index, follow, max-snippet:-1, max-image-preview:large, max-video-preview:-1\" \/>\n<link rel=\"canonical\" href=\"https:\/\/www.dein-dlrp.de\/disney-parks-magazin\/malefiz-character-safari-teil-21\/\" \/>\n<meta property=\"og:locale\" content=\"de_DE\" \/>\n<meta property=\"og:type\" content=\"article\" \/>\n<meta property=\"og:title\" content=\"Malefiz - Character Safari Teil 21\" \/>\n<meta property=\"og:description\" content=\"Triff Maleficent aus Dornr\u00f6schen die Anf\u00fchrerin der Halloween Villains-Gang im Disneyland Paris: Villains Promenade, Castle Courtyard und Schloss!\" \/>\n<meta property=\"og:url\" content=\"https:\/\/www.dein-dlrp.de\/disney-parks-magazin\/malefiz-character-safari-teil-21\/\" \/>\n<meta property=\"og:site_name\" content=\"Disney Parks Magazin\" \/>\n<meta property=\"article:publisher\" content=\"https:\/\/facebook.com\/deindlrp\" \/>\n<meta property=\"article:published_time\" content=\"2014-10-26T12:00:55+00:00\" \/>\n<meta property=\"article:modified_time\" content=\"2020-05-07T10:07:09+00:00\" \/>\n<meta property=\"og:image\" content=\"https:\/\/www.dein-dlrp.de\/disney-parks-magazin\/wp-content\/uploads\/2014\/10\/maleficent-1.jpg\" \/>\n\t<meta property=\"og:image:width\" content=\"1000\" \/>\n\t<meta property=\"og:image:height\" content=\"503\" \/>\n\t<meta property=\"og:image:type\" content=\"image\/jpeg\" \/>\n<meta name=\"author\" content=\"Doerthe\" \/>\n<meta name=\"twitter:card\" content=\"summary_large_image\" \/>\n<meta name=\"twitter:creator\" content=\"@deindlrp\" \/>\n<meta name=\"twitter:site\" content=\"@deindlrp\" \/>\n<meta name=\"twitter:label1\" content=\"Verfasst von\" \/>\n\t<meta name=\"twitter:data1\" content=\"Doerthe\" \/>\n\t<meta name=\"twitter:label2\" content=\"Gesch\u00e4tzte Lesezeit\" \/>\n\t<meta name=\"twitter:data2\" content=\"6\u00a0Minuten\" \/>\n<script type=\"application\/ld+json\" class=\"yoast-schema-graph\">{\"@context\":\"https:\/\/schema.org\",\"@graph\":[{\"@type\":\"Article\",\"@id\":\"https:\/\/www.dein-dlrp.de\/disney-parks-magazin\/malefiz-character-safari-teil-21\/#article\",\"isPartOf\":{\"@id\":\"https:\/\/www.dein-dlrp.de\/disney-parks-magazin\/malefiz-character-safari-teil-21\/\"},\"author\":{\"name\":\"Doerthe\",\"@id\":\"https:\/\/www.dein-dlrp.de\/disney-parks-magazin\/#\/schema\/person\/289eb6223cb1c248bcc847989ea1db9e\"},\"headline\":\"Malefiz &#8211; Character Safari Teil 21\",\"datePublished\":\"2014-10-26T12:00:55+00:00\",\"dateModified\":\"2020-05-07T10:07:09+00:00\",\"mainEntityOfPage\":{\"@id\":\"https:\/\/www.dein-dlrp.de\/disney-parks-magazin\/malefiz-character-safari-teil-21\/\"},\"wordCount\":1199,\"commentCount\":0,\"publisher\":{\"@id\":\"https:\/\/www.dein-dlrp.de\/disney-parks-magazin\/#organization\"},\"image\":{\"@id\":\"https:\/\/www.dein-dlrp.de\/disney-parks-magazin\/malefiz-character-safari-teil-21\/#primaryimage\"},\"thumbnailUrl\":\"https:\/\/www.dein-dlrp.de\/disney-parks-magazin\/wp-content\/uploads\/2014\/10\/maleficent-1.jpg\",\"keywords\":[\"Disney Characters\",\"Disney Villains\",\"Disneyland Park\",\"Dornr\u00f6schen\",\"Halloween\",\"Maleficent\",\"Sleeping Beauty Castle\"],\"articleSection\":[\"Artikelserien\",\"Character Safari\",\"Disneyland Paris\"],\"inLanguage\":\"de\",\"potentialAction\":[{\"@type\":\"CommentAction\",\"name\":\"Comment\",\"target\":[\"https:\/\/www.dein-dlrp.de\/disney-parks-magazin\/malefiz-character-safari-teil-21\/#respond\"]}]},{\"@type\":\"WebPage\",\"@id\":\"https:\/\/www.dein-dlrp.de\/disney-parks-magazin\/malefiz-character-safari-teil-21\/\",\"url\":\"https:\/\/www.dein-dlrp.de\/disney-parks-magazin\/malefiz-character-safari-teil-21\/\",\"name\":\"Malefiz \/ Maleficent im Disneyland Paris - Character Safari\",\"isPartOf\":{\"@id\":\"https:\/\/www.dein-dlrp.de\/disney-parks-magazin\/#website\"},\"primaryImageOfPage\":{\"@id\":\"https:\/\/www.dein-dlrp.de\/disney-parks-magazin\/malefiz-character-safari-teil-21\/#primaryimage\"},\"image\":{\"@id\":\"https:\/\/www.dein-dlrp.de\/disney-parks-magazin\/malefiz-character-safari-teil-21\/#primaryimage\"},\"thumbnailUrl\":\"https:\/\/www.dein-dlrp.de\/disney-parks-magazin\/wp-content\/uploads\/2014\/10\/maleficent-1.jpg\",\"datePublished\":\"2014-10-26T12:00:55+00:00\",\"dateModified\":\"2020-05-07T10:07:09+00:00\",\"description\":\"Triff Maleficent aus Dornr\u00f6schen die Anf\u00fchrerin der Halloween Villains-Gang im Disneyland Paris: Villains Promenade, Castle Courtyard und Schloss!\",\"breadcrumb\":{\"@id\":\"https:\/\/www.dein-dlrp.de\/disney-parks-magazin\/malefiz-character-safari-teil-21\/#breadcrumb\"},\"inLanguage\":\"de\",\"potentialAction\":[{\"@type\":\"ReadAction\",\"target\":[\"https:\/\/www.dein-dlrp.de\/disney-parks-magazin\/malefiz-character-safari-teil-21\/\"]}]},{\"@type\":\"ImageObject\",\"inLanguage\":\"de\",\"@id\":\"https:\/\/www.dein-dlrp.de\/disney-parks-magazin\/malefiz-character-safari-teil-21\/#primaryimage\",\"url\":\"https:\/\/www.dein-dlrp.de\/disney-parks-magazin\/wp-content\/uploads\/2014\/10\/maleficent-1.jpg\",\"contentUrl\":\"https:\/\/www.dein-dlrp.de\/disney-parks-magazin\/wp-content\/uploads\/2014\/10\/maleficent-1.jpg\",\"width\":1000,\"height\":503},{\"@type\":\"BreadcrumbList\",\"@id\":\"https:\/\/www.dein-dlrp.de\/disney-parks-magazin\/malefiz-character-safari-teil-21\/#breadcrumb\",\"itemListElement\":[{\"@type\":\"ListItem\",\"position\":1,\"name\":\"Disney Parks Magazin\",\"item\":\"https:\/\/www.dein-dlrp.de\/disney-parks-magazin\/\"},{\"@type\":\"ListItem\",\"position\":2,\"name\":\"Malefiz &#8211; Character Safari Teil 21\"}]},{\"@type\":\"WebSite\",\"@id\":\"https:\/\/www.dein-dlrp.de\/disney-parks-magazin\/#website\",\"url\":\"https:\/\/www.dein-dlrp.de\/disney-parks-magazin\/\",\"name\":\"dein-dlrp Disney Parks Reisef\u00fchrer\",\"description\":\"Das Blog zu Disneyland Paris &amp; Walt Disney World\",\"publisher\":{\"@id\":\"https:\/\/www.dein-dlrp.de\/disney-parks-magazin\/#organization\"},\"potentialAction\":[{\"@type\":\"SearchAction\",\"target\":{\"@type\":\"EntryPoint\",\"urlTemplate\":\"https:\/\/www.dein-dlrp.de\/disney-parks-magazin\/?s={search_term_string}\"},\"query-input\":{\"@type\":\"PropertyValueSpecification\",\"valueRequired\":true,\"valueName\":\"search_term_string\"}}],\"inLanguage\":\"de\"},{\"@type\":\"Organization\",\"@id\":\"https:\/\/www.dein-dlrp.de\/disney-parks-magazin\/#organization\",\"name\":\"dein-dlrp.de Disney Parks Reisef\u00fchrer\",\"url\":\"https:\/\/www.dein-dlrp.de\/disney-parks-magazin\/\",\"logo\":{\"@type\":\"ImageObject\",\"inLanguage\":\"de\",\"@id\":\"https:\/\/www.dein-dlrp.de\/disney-parks-magazin\/#\/schema\/logo\/image\/\",\"url\":\"https:\/\/www.dein-dlrp.de\/disney-parks-magazin\/wp-content\/uploads\/2023\/06\/dein-dlrp-disney-parks-magazin.png\",\"contentUrl\":\"https:\/\/www.dein-dlrp.de\/disney-parks-magazin\/wp-content\/uploads\/2023\/06\/dein-dlrp-disney-parks-magazin.png\",\"width\":1500,\"height\":384,\"caption\":\"dein-dlrp.de Disney Parks Reisef\u00fchrer\"},\"image\":{\"@id\":\"https:\/\/www.dein-dlrp.de\/disney-parks-magazin\/#\/schema\/logo\/image\/\"},\"sameAs\":[\"https:\/\/facebook.com\/deindlrp\",\"https:\/\/x.com\/deindlrp\",\"https:\/\/instagram.com\/deindlrp\",\"https:\/\/www.pinterest.de\/deindlrp\/\",\"http:\/\/www.youtube.com\/deindlrp\",\"https:\/\/www.tiktok.com\/@deindlrp\"]},{\"@type\":\"Person\",\"@id\":\"https:\/\/www.dein-dlrp.de\/disney-parks-magazin\/#\/schema\/person\/289eb6223cb1c248bcc847989ea1db9e\",\"name\":\"Doerthe\",\"image\":{\"@type\":\"ImageObject\",\"inLanguage\":\"de\",\"@id\":\"https:\/\/www.dein-dlrp.de\/disney-parks-magazin\/#\/schema\/person\/image\/\",\"url\":\"https:\/\/secure.gravatar.com\/avatar\/5e58c77e296cb9565ca4c3a66032ddd7dd5a65203ecf36eae8488f3f5b5a54af?s=96&d=mm&r=g\",\"contentUrl\":\"https:\/\/secure.gravatar.com\/avatar\/5e58c77e296cb9565ca4c3a66032ddd7dd5a65203ecf36eae8488f3f5b5a54af?s=96&d=mm&r=g\",\"caption\":\"Doerthe\"},\"description\":\"Hallo, ich bin D\u00f6rthe. Zusammen mit Torsten habe ich dein-dlrp.de gegr\u00fcndet und kann mich f\u00fcr viele Themen rund um Disney begeistern. Das Disneyland Paris ist meine zweite Heimat und in Walt Disney World werde ich inzwischen mit \u201eWelcome Home\u201c begr\u00fc\u00dft. Mein Anliegen ist es, Euch mit in diese magische Welt zu nehmen, Euch Details und Hintergr\u00fcnde zu zeigen, die auf den ersten Blick gar nicht auffallen. Wenn ich also gerade keine Artikel schreibe, kein Video schneide oder sonstwie an der Seite bastle, dann stecke ich meine Nase vermutlich gerade in ein Imagineering-Buch.\",\"url\":\"https:\/\/www.dein-dlrp.de\/disney-parks-magazin\/author\/doerthe\/\"}]}<\/script>","yoast_head_json":{"title":"Malefiz \/ Maleficent im Disneyland Paris - Character Safari","description":"Triff Maleficent aus Dornr\u00f6schen die Anf\u00fchrerin der Halloween Villains-Gang im Disneyland Paris: Villains Promenade, Castle Courtyard und Schloss!","robots":{"index":"index","follow":"follow","max-snippet":"max-snippet:-1","max-image-preview":"max-image-preview:large","max-video-preview":"max-video-preview:-1"},"canonical":"https:\/\/www.dein-dlrp.de\/disney-parks-magazin\/malefiz-character-safari-teil-21\/","og_locale":"de_DE","og_type":"article","og_title":"Malefiz - Character Safari Teil 21","og_description":"Triff Maleficent aus Dornr\u00f6schen die Anf\u00fchrerin der Halloween Villains-Gang im Disneyland Paris: Villains Promenade, Castle Courtyard und Schloss!","og_url":"https:\/\/www.dein-dlrp.de\/disney-parks-magazin\/malefiz-character-safari-teil-21\/","og_site_name":"Disney Parks Magazin","article_publisher":"https:\/\/facebook.com\/deindlrp","article_published_time":"2014-10-26T12:00:55+00:00","article_modified_time":"2020-05-07T10:07:09+00:00","og_image":[{"width":1000,"height":503,"url":"https:\/\/www.dein-dlrp.de\/disney-parks-magazin\/wp-content\/uploads\/2014\/10\/maleficent-1.jpg","type":"image\/jpeg"}],"author":"Doerthe","twitter_card":"summary_large_image","twitter_creator":"@deindlrp","twitter_site":"@deindlrp","twitter_misc":{"Verfasst von":"Doerthe","Gesch\u00e4tzte Lesezeit":"6\u00a0Minuten"},"schema":{"@context":"https:\/\/schema.org","@graph":[{"@type":"Article","@id":"https:\/\/www.dein-dlrp.de\/disney-parks-magazin\/malefiz-character-safari-teil-21\/#article","isPartOf":{"@id":"https:\/\/www.dein-dlrp.de\/disney-parks-magazin\/malefiz-character-safari-teil-21\/"},"author":{"name":"Doerthe","@id":"https:\/\/www.dein-dlrp.de\/disney-parks-magazin\/#\/schema\/person\/289eb6223cb1c248bcc847989ea1db9e"},"headline":"Malefiz &#8211; Character Safari Teil 21","datePublished":"2014-10-26T12:00:55+00:00","dateModified":"2020-05-07T10:07:09+00:00","mainEntityOfPage":{"@id":"https:\/\/www.dein-dlrp.de\/disney-parks-magazin\/malefiz-character-safari-teil-21\/"},"wordCount":1199,"commentCount":0,"publisher":{"@id":"https:\/\/www.dein-dlrp.de\/disney-parks-magazin\/#organization"},"image":{"@id":"https:\/\/www.dein-dlrp.de\/disney-parks-magazin\/malefiz-character-safari-teil-21\/#primaryimage"},"thumbnailUrl":"https:\/\/www.dein-dlrp.de\/disney-parks-magazin\/wp-content\/uploads\/2014\/10\/maleficent-1.jpg","keywords":["Disney Characters","Disney Villains","Disneyland Park","Dornr\u00f6schen","Halloween","Maleficent","Sleeping Beauty Castle"],"articleSection":["Artikelserien","Character Safari","Disneyland Paris"],"inLanguage":"de","potentialAction":[{"@type":"CommentAction","name":"Comment","target":["https:\/\/www.dein-dlrp.de\/disney-parks-magazin\/malefiz-character-safari-teil-21\/#respond"]}]},{"@type":"WebPage","@id":"https:\/\/www.dein-dlrp.de\/disney-parks-magazin\/malefiz-character-safari-teil-21\/","url":"https:\/\/www.dein-dlrp.de\/disney-parks-magazin\/malefiz-character-safari-teil-21\/","name":"Malefiz \/ Maleficent im Disneyland Paris - Character Safari","isPartOf":{"@id":"https:\/\/www.dein-dlrp.de\/disney-parks-magazin\/#website"},"primaryImageOfPage":{"@id":"https:\/\/www.dein-dlrp.de\/disney-parks-magazin\/malefiz-character-safari-teil-21\/#primaryimage"},"image":{"@id":"https:\/\/www.dein-dlrp.de\/disney-parks-magazin\/malefiz-character-safari-teil-21\/#primaryimage"},"thumbnailUrl":"https:\/\/www.dein-dlrp.de\/disney-parks-magazin\/wp-content\/uploads\/2014\/10\/maleficent-1.jpg","datePublished":"2014-10-26T12:00:55+00:00","dateModified":"2020-05-07T10:07:09+00:00","description":"Triff Maleficent aus Dornr\u00f6schen die Anf\u00fchrerin der Halloween Villains-Gang im Disneyland Paris: Villains Promenade, Castle Courtyard und Schloss!","breadcrumb":{"@id":"https:\/\/www.dein-dlrp.de\/disney-parks-magazin\/malefiz-character-safari-teil-21\/#breadcrumb"},"inLanguage":"de","potentialAction":[{"@type":"ReadAction","target":["https:\/\/www.dein-dlrp.de\/disney-parks-magazin\/malefiz-character-safari-teil-21\/"]}]},{"@type":"ImageObject","inLanguage":"de","@id":"https:\/\/www.dein-dlrp.de\/disney-parks-magazin\/malefiz-character-safari-teil-21\/#primaryimage","url":"https:\/\/www.dein-dlrp.de\/disney-parks-magazin\/wp-content\/uploads\/2014\/10\/maleficent-1.jpg","contentUrl":"https:\/\/www.dein-dlrp.de\/disney-parks-magazin\/wp-content\/uploads\/2014\/10\/maleficent-1.jpg","width":1000,"height":503},{"@type":"BreadcrumbList","@id":"https:\/\/www.dein-dlrp.de\/disney-parks-magazin\/malefiz-character-safari-teil-21\/#breadcrumb","itemListElement":[{"@type":"ListItem","position":1,"name":"Disney Parks Magazin","item":"https:\/\/www.dein-dlrp.de\/disney-parks-magazin\/"},{"@type":"ListItem","position":2,"name":"Malefiz &#8211; Character Safari Teil 21"}]},{"@type":"WebSite","@id":"https:\/\/www.dein-dlrp.de\/disney-parks-magazin\/#website","url":"https:\/\/www.dein-dlrp.de\/disney-parks-magazin\/","name":"dein-dlrp Disney Parks Reisef\u00fchrer","description":"Das Blog zu Disneyland Paris &amp; Walt Disney World","publisher":{"@id":"https:\/\/www.dein-dlrp.de\/disney-parks-magazin\/#organization"},"potentialAction":[{"@type":"SearchAction","target":{"@type":"EntryPoint","urlTemplate":"https:\/\/www.dein-dlrp.de\/disney-parks-magazin\/?s={search_term_string}"},"query-input":{"@type":"PropertyValueSpecification","valueRequired":true,"valueName":"search_term_string"}}],"inLanguage":"de"},{"@type":"Organization","@id":"https:\/\/www.dein-dlrp.de\/disney-parks-magazin\/#organization","name":"dein-dlrp.de Disney Parks Reisef\u00fchrer","url":"https:\/\/www.dein-dlrp.de\/disney-parks-magazin\/","logo":{"@type":"ImageObject","inLanguage":"de","@id":"https:\/\/www.dein-dlrp.de\/disney-parks-magazin\/#\/schema\/logo\/image\/","url":"https:\/\/www.dein-dlrp.de\/disney-parks-magazin\/wp-content\/uploads\/2023\/06\/dein-dlrp-disney-parks-magazin.png","contentUrl":"https:\/\/www.dein-dlrp.de\/disney-parks-magazin\/wp-content\/uploads\/2023\/06\/dein-dlrp-disney-parks-magazin.png","width":1500,"height":384,"caption":"dein-dlrp.de Disney Parks Reisef\u00fchrer"},"image":{"@id":"https:\/\/www.dein-dlrp.de\/disney-parks-magazin\/#\/schema\/logo\/image\/"},"sameAs":["https:\/\/facebook.com\/deindlrp","https:\/\/x.com\/deindlrp","https:\/\/instagram.com\/deindlrp","https:\/\/www.pinterest.de\/deindlrp\/","http:\/\/www.youtube.com\/deindlrp","https:\/\/www.tiktok.com\/@deindlrp"]},{"@type":"Person","@id":"https:\/\/www.dein-dlrp.de\/disney-parks-magazin\/#\/schema\/person\/289eb6223cb1c248bcc847989ea1db9e","name":"Doerthe","image":{"@type":"ImageObject","inLanguage":"de","@id":"https:\/\/www.dein-dlrp.de\/disney-parks-magazin\/#\/schema\/person\/image\/","url":"https:\/\/secure.gravatar.com\/avatar\/5e58c77e296cb9565ca4c3a66032ddd7dd5a65203ecf36eae8488f3f5b5a54af?s=96&d=mm&r=g","contentUrl":"https:\/\/secure.gravatar.com\/avatar\/5e58c77e296cb9565ca4c3a66032ddd7dd5a65203ecf36eae8488f3f5b5a54af?s=96&d=mm&r=g","caption":"Doerthe"},"description":"Hallo, ich bin D\u00f6rthe. Zusammen mit Torsten habe ich dein-dlrp.de gegr\u00fcndet und kann mich f\u00fcr viele Themen rund um Disney begeistern. Das Disneyland Paris ist meine zweite Heimat und in Walt Disney World werde ich inzwischen mit \u201eWelcome Home\u201c begr\u00fc\u00dft. Mein Anliegen ist es, Euch mit in diese magische Welt zu nehmen, Euch Details und Hintergr\u00fcnde zu zeigen, die auf den ersten Blick gar nicht auffallen. Wenn ich also gerade keine Artikel schreibe, kein Video schneide oder sonstwie an der Seite bastle, dann stecke ich meine Nase vermutlich gerade in ein Imagineering-Buch.","url":"https:\/\/www.dein-dlrp.de\/disney-parks-magazin\/author\/doerthe\/"}]}},"_links":{"self":[{"href":"https:\/\/www.dein-dlrp.de\/disney-parks-magazin\/wp-json\/wp\/v2\/posts\/3746","targetHints":{"allow":["GET"]}}],"collection":[{"href":"https:\/\/www.dein-dlrp.de\/disney-parks-magazin\/wp-json\/wp\/v2\/posts"}],"about":[{"href":"https:\/\/www.dein-dlrp.de\/disney-parks-magazin\/wp-json\/wp\/v2\/types\/post"}],"author":[{"embeddable":true,"href":"https:\/\/www.dein-dlrp.de\/disney-parks-magazin\/wp-json\/wp\/v2\/users\/3"}],"replies":[{"embeddable":true,"href":"https:\/\/www.dein-dlrp.de\/disney-parks-magazin\/wp-json\/wp\/v2\/comments?post=3746"}],"version-history":[{"count":0,"href":"https:\/\/www.dein-dlrp.de\/disney-parks-magazin\/wp-json\/wp\/v2\/posts\/3746\/revisions"}],"wp:featuredmedia":[{"embeddable":true,"href":"https:\/\/www.dein-dlrp.de\/disney-parks-magazin\/wp-json\/wp\/v2\/media\/4007"}],"wp:attachment":[{"href":"https:\/\/www.dein-dlrp.de\/disney-parks-magazin\/wp-json\/wp\/v2\/media?parent=3746"}],"wp:term":[{"taxonomy":"category","embeddable":true,"href":"https:\/\/www.dein-dlrp.de\/disney-parks-magazin\/wp-json\/wp\/v2\/categories?post=3746"},{"taxonomy":"post_tag","embeddable":true,"href":"https:\/\/www.dein-dlrp.de\/disney-parks-magazin\/wp-json\/wp\/v2\/tags?post=3746"}],"curies":[{"name":"wp","href":"https:\/\/api.w.org\/{rel}","templated":true}]}}