{"id":31132,"date":"2020-05-28T19:21:10","date_gmt":"2020-05-28T17:21:10","guid":{"rendered":"https:\/\/www.dein-dlrp.de\/disney-parks-magazin\/?p=31132"},"modified":"2023-08-02T11:41:22","modified_gmt":"2023-08-02T09:41:22","slug":"phase-2-der-lockerungen-in-frankreich-disneyland-paris-nun-in-orangener-zone","status":"publish","type":"post","link":"https:\/\/www.dein-dlrp.de\/disney-parks-magazin\/phase-2-der-lockerungen-in-frankreich-disneyland-paris-nun-in-orangener-zone\/","title":{"rendered":"Phase 2 der Lockerungen in Frankreich, Disneyland Paris nun in orangener Zone"},"content":{"rendered":"\n<figure class=\"wp-block-image size-large\"><img decoding=\"async\" width=\"1200\" height=\"627\" src=\"https:\/\/www.dein-dlrp.de\/disney-parks-magazin\/wp-content\/uploads\/2020\/05\/disneyland-paris-orange.jpg\" alt=\"Disneyland Paris nun in der orangenen Zone der Corona-Situation in Frankreich\" class=\"wp-image-31133\" srcset=\"https:\/\/www.dein-dlrp.de\/disney-parks-magazin\/wp-content\/uploads\/2020\/05\/disneyland-paris-orange.jpg 1200w, https:\/\/www.dein-dlrp.de\/disney-parks-magazin\/wp-content\/uploads\/2020\/05\/disneyland-paris-orange-300x157.jpg 300w, https:\/\/www.dein-dlrp.de\/disney-parks-magazin\/wp-content\/uploads\/2020\/05\/disneyland-paris-orange-768x401.jpg 768w\" sizes=\"(max-width: 1200px) 100vw, 1200px\" \/><\/figure>\n\n\n\n<blockquote class=\"wp-block-quote is-layout-flow wp-block-quote-is-layout-flow\">\n<p>In dieser zweiten Phase wird die Freiheit wieder zur Regel und das Verbot zur Ausnahme.<\/p>\n<\/blockquote>\n\n\n\n<p>Das ist eine der Kerns\u00e4tze und Optimismus verbreitenden Aussagen, mit denen Frankreichs Premierminister \u00c9douard Philippe heute den Eintritt Frankreichs in die zweite Phase der Lockerungen aus den Corona-Ma\u00dfnahmen verk\u00fcndete hat.<\/p>\n\n\n\n<p>W\u00e4hrend die Coronavirus- Epidemie in den letzten Wochen in Frankreich langsam zur\u00fcckgegangen ist und keine Gebiete mehr der roten Zone des Infektionsgeschehens zugeordnet werden, befindet sich mit der Ile-de-France auch die Region, in der das Disneyland Paris liegt, nun in der orangenen Zone.<\/p>\n\n\n\n<!--more-->\n\n\n\n<img decoding=\"async\" src=\"https:\/\/vg04.met.vgwort.de\/na\/08fafb4009f24f7fb82776fe27b58f56\" width=\"1\" height=\"1\" alt=\"\">\n\n\n\n<h2 class=\"wp-block-heading\" id=\"h-lockerungen-der-massnahmen-in-frankreich-durch-eintritt-in-phase-2\">Lockerungen der Ma\u00dfnahmen in Frankreich durch Eintritt in Phase 2<\/h2>\n\n\n\n<p>Ab 2. Juni wird Frankreich offiziell in Phase 2 der Lockerungen in Bezug auf die Ma\u00dfnahmen zur Eind\u00e4mmung der Corona-Pandemie eintreten. M\u00f6glich wird der Eintritt in Phase 2, weil es keine roten Zonen in Bezug auf das Infektionsgeschehen im Land mehr gibt.<\/p>\n\n\n\n<h3 class=\"wp-block-heading\" id=\"h-disneyland-paris-nun-in-orangener-statt-roter-zone\">Disneyland Paris nun in orangener statt roter Zone<\/h3>\n\n\n\n<p>Fast ganz Frankreich ist nun als gr\u00fcne Zone eingestuft \u2013 ganz Frankreich? Ein kleines Gebiet im franz\u00f6sischen Kernland (neben den \u00dcberseegebieten Mayotte und Guyana) leider noch nicht: die Ile-de-France. Das Departement Seine-et-Marne, in dem Disneyland Paris liegt, befindet sich somit auch noch in der orangenen Zone, in der Lockerungen teilweise erst sp\u00e4ter und mit noch st\u00e4rker verbleibenden Einschnitten durchgef\u00fchrt werden k\u00f6nnen.<\/p>\n\n\n\n<h3 class=\"wp-block-heading\" id=\"h-die-wichtigsten-lockerungen-im-detail\">Die wichtigsten Lockerungen im Detail<\/h3>\n\n\n\n<ul class=\"wp-block-list\">\n<li>Ab 2. Juni d\u00fcrfen Freizeitparks in der gr\u00fcnen Zone wiederer\u00f6ffnen, in der orangen Zone soll das, wenn es keine R\u00fcckschl\u00e4ge hinsichtlich des Infektionsgeschehens gibt, ab dem 22. Juni wieder m\u00f6glich sein &#8211; damit ist allerdings nicht gesagt, dass Disneyland Paris dann wieder \u00f6ffnen wird, es w\u00e4re lediglich erlaubt. <br>Einerseits wird eine Wiederer\u00f6ffnung Disneys europ\u00e4isches Resort vor viele Herausforderungen stellen, deren L\u00f6sungen erst organisiert werden m\u00fcssen. <br>Andererseits gilt auch \u00fcber den 22. Juni hinaus ein Verbot von Versammlungen von bzw. Veranstaltungen mit 5000 Personen in Au\u00dfenbereichen. Welche Auswirkungen das auf den Betrieb von Parks hat, ist aber, trotz der expliziten Erw\u00e4hnung der Erlaubnis zur Wiederer\u00f6ffnung von Parks, noch ebenso unklar, wie deren Wertung als eine einzige Veranstaltung. Auch vor der Schlie\u00dfung durften Parks auch mit h\u00f6herer Kapazit\u00e4t ge\u00f6ffnet bleiben, als schon deutlich strengere Begrenzungen f\u00fcr Veranstaltungen galten. Wie in dieser Zeit auch, ist im Falle einer Wiederer\u00f6ffnung mit Einschr\u00e4nkungen bei allen Elementen, wie zum Beispiel Shows &amp; Paraden, bei der besonders viele Menschen auf engem Raum zusammenkommen, zu rechnen.<\/li>\n\n\n\n<li>Touristische Beherbergungsbetriebe, wie <a href=\"https:\/\/www.dein-dlrp.de\/disneyland-resort-paris\/disney-hotels.html\">Hotels<\/a>, Ferienwohnungen und andere d\u00fcrfen ab dem 2. Juni in der gr\u00fcnen Zone \u00f6ffnen, Betriebe dieser Branche in der orangenen Zone d\u00fcrfen ab dem 22. Juni folgen.<\/li>\n\n\n\n<li>Bars &amp; Restaurants d\u00fcrfen in beiden Zonen ab dem 2. Juni wieder \u00f6ffnen, in den orangenen Zonen ist zun\u00e4chst nur Au\u00dfengastronomie zul\u00e4ssig.<br>Es gibt aber strenge Abstandsregeln und es d\u00fcrfen maximal zehn Personen an einem Tisch sitzen. Personal und G\u00e4ste (bis sie am Tisch Platz nehmen) m\u00fcssen Masken tragen.<\/li>\n\n\n\n<li>In der gr\u00fcnen Zone d\u00fcrfen Theater und Veranstaltungsr\u00e4ume ab dem 2. Juni wieder ge\u00f6ffnet werden, Kinos d\u00fcrfen in beiden Zonen ab dem 22. Juni folgen \u2013 allerdings unter strengen Regularien.<\/li>\n\n\n\n<li>Die 100-Kilometerregelung f\u00fcr den privaten Verkehr wird aufgehoben, es wird wieder m\u00f6glich sein, zu weiter entfernten Zielen zu reisen.<\/li>\n\n\n\n<li>Der Flughafen Orly wird am 26. Juni wieder teilweise er\u00f6ffnet werden, allerdings wird es bei Einreisen mit Hilfe von W\u00e4rmebildkameras Kontrollen der K\u00f6rpertemperatur der ankommenden Reisenden geben.<\/li>\n\n\n\n<li>Parks (im Sinne von Gr\u00fcnanlagen) &amp; G\u00e4rten werden sowohl in der gr\u00fcnen, als auch in der orangenen Zone mit Eintritt der neuen Phase wieder ge\u00f6ffnet. Auch hier gelten aber weiterhin noch Einschr\u00e4nkungen bez\u00fcglich des Kontaktes zu anderen Menschen.<\/li>\n\n\n\n<li>Das Tragen von Masken in der \u00d6ffentlichkeit wird empfohlen.<\/li>\n<\/ul>\n\n\n\n<p>Neben den genannten Punkten gibt es auch noch weitere Lockerungen, zum Beispiel bez\u00fcglich der Schulen, die wir an dieser Stelle nicht alle auflisten k\u00f6nnen, zumal sie nicht in direkter Verbindung zum Thema unseres Disney Parks Magazin stehen. Hier sei auf die mediale Berichterstattung in Frankreich verwiesen.<\/p>\n\n\n\n<h4 class=\"wp-block-heading\" id=\"h-ein-appell-an-die-vernunft\">Ein Appell an die Vernunft<\/h4>\n\n\n\n<p>Der ebenfalls an der Pr\u00e4sentation der Lockerungen beteiligte franz\u00f6sische Gesundheitsminister Olivier V\u00e9ran appellierte bei aller Freude \u00fcber die Lockerungen an die Vernunft der B\u00fcrger, mit den Lockerungen ma\u00dfvoll umzugehen:<\/p>\n\n\n\n<blockquote class=\"wp-block-quote is-layout-flow wp-block-quote-is-layout-flow\">\n<p>Ich rufe meine Mitb\u00fcrger zum Geist der Verantwortung auf. Der Geist dieser Regeln ist noch wichtiger als der Buchstabe dieser Regeln. Der Geist dieser Regeln liegt in der Verantwortung unserer Mitb\u00fcrger, zu verstehen, dass wir alle gemeinsam Akteure im Kampf gegen die Epidemie sind. Es geht nicht darum, Angst zu haben, Angst vor anderen zu haben, es geht darum, selbst ausreichend akribisch und organisiert zu sein, um sicher zu sein sowie sich und andere zu sch\u00fctzen.<\/p>\n<cite>Olivier V\u00e9ran, franz\u00f6sischer Gesundheitsminister<\/cite><\/blockquote>\n\n\n\n<p>Es sollte klar sein, dass die Ma\u00dfnahmen jederzeit wieder versch\u00e4rft werden k\u00f6nnen, wenn das Infektionsgeschehen dies n\u00f6tig machen sollte und das jeder durch sein eigenes Verhalten dazu beitragen kann, das dies nicht passiert.<br>In diesem Sinne freuen wir uns erst einmal \u00fcber die Lockerungen in Frankreich.<\/p>\n<input class=\"fooboxshare_post_id\" type=\"hidden\" value=\"31132\"\/>","protected":false},"excerpt":{"rendered":"<p>In dieser zweiten Phase wird die Freiheit wieder zur Regel und das Verbot zur Ausnahme. Das ist eine der Kerns\u00e4tze und Optimismus verbreitenden Aussagen, mit denen Frankreichs Premierminister \u00c9douard Philippe heute den Eintritt Frankreichs in die zweite Phase der Lockerungen aus den Corona-Ma\u00dfnahmen verk\u00fcndete hat. W\u00e4hrend die Coronavirus- Epidemie in den letzten Wochen in Frankreich [&hellip;]<\/p>\n","protected":false},"author":1,"featured_media":31133,"comment_status":"closed","ping_status":"closed","sticky":false,"template":"","format":"standard","meta":{"_acf_changed":false,"wprm-recipe-roundup-name":"","wprm-recipe-roundup-description":"","ngg_post_thumbnail":0,"footnotes":""},"categories":[9,11671,25,11669],"tags":[5286,5289,269,6160,890,11753],"class_list":["post-31132","post","type-post","status-publish","format-standard","has-post-thumbnail","hentry","category-ausflugsziele-in-der-umgebung","category-disneyland-paris","category-news-und-geruchte","category-nachrichten-hintergruende","tag-coronavirus","tag-covid-19","tag-disneyland-paris","tag-frankreich","tag-schliessung","tag-wiedereroeffnung"],"acf":[],"yoast_head":"<title>Phase 2 der Lockerungen in Frankreich, Disneyland Paris nun in orangener Zone | Disney Parks Magazin<\/title>\n<meta name=\"robots\" content=\"index, follow, max-snippet:-1, max-image-preview:large, max-video-preview:-1\" \/>\n<link rel=\"canonical\" href=\"https:\/\/www.dein-dlrp.de\/disney-parks-magazin\/phase-2-der-lockerungen-in-frankreich-disneyland-paris-nun-in-orangener-zone\/\" \/>\n<meta property=\"og:locale\" content=\"de_DE\" \/>\n<meta property=\"og:type\" content=\"article\" \/>\n<meta property=\"og:title\" content=\"Phase 2 der Lockerungen in Frankreich, Disneyland Paris nun in orangener Zone\" \/>\n<meta property=\"og:description\" content=\"In dieser zweiten Phase wird die Freiheit wieder zur Regel und das Verbot zur Ausnahme. Das ist eine der Kerns\u00e4tze und Optimismus verbreitenden Aussagen, mit denen Frankreichs Premierminister \u00c9douard Philippe heute den Eintritt Frankreichs in die zweite Phase der Lockerungen aus den Corona-Ma\u00dfnahmen verk\u00fcndete hat. W\u00e4hrend die Coronavirus- Epidemie in den letzten Wochen in Frankreich [&hellip;]\" \/>\n<meta property=\"og:url\" content=\"https:\/\/www.dein-dlrp.de\/disney-parks-magazin\/phase-2-der-lockerungen-in-frankreich-disneyland-paris-nun-in-orangener-zone\/\" \/>\n<meta property=\"og:site_name\" content=\"Disney Parks Magazin\" \/>\n<meta property=\"article:publisher\" content=\"https:\/\/facebook.com\/deindlrp\" \/>\n<meta property=\"article:published_time\" content=\"2020-05-28T17:21:10+00:00\" \/>\n<meta property=\"article:modified_time\" content=\"2023-08-02T09:41:22+00:00\" \/>\n<meta property=\"og:image\" content=\"https:\/\/www.dein-dlrp.de\/disney-parks-magazin\/wp-content\/uploads\/2020\/05\/disneyland-paris-orange.jpg\" \/>\n\t<meta property=\"og:image:width\" content=\"1200\" \/>\n\t<meta property=\"og:image:height\" content=\"627\" \/>\n\t<meta property=\"og:image:type\" content=\"image\/jpeg\" \/>\n<meta name=\"author\" content=\"Torsten\" \/>\n<meta name=\"twitter:card\" content=\"summary_large_image\" \/>\n<meta name=\"twitter:creator\" content=\"@deindlrp\" \/>\n<meta name=\"twitter:site\" content=\"@deindlrp\" \/>\n<meta name=\"twitter:label1\" content=\"Verfasst von\" \/>\n\t<meta name=\"twitter:data1\" content=\"Torsten\" \/>\n\t<meta name=\"twitter:label2\" content=\"Gesch\u00e4tzte Lesezeit\" \/>\n\t<meta name=\"twitter:data2\" content=\"5\u00a0Minuten\" \/>\n<script type=\"application\/ld+json\" class=\"yoast-schema-graph\">{\"@context\":\"https:\/\/schema.org\",\"@graph\":[{\"@type\":\"Article\",\"@id\":\"https:\/\/www.dein-dlrp.de\/disney-parks-magazin\/phase-2-der-lockerungen-in-frankreich-disneyland-paris-nun-in-orangener-zone\/#article\",\"isPartOf\":{\"@id\":\"https:\/\/www.dein-dlrp.de\/disney-parks-magazin\/phase-2-der-lockerungen-in-frankreich-disneyland-paris-nun-in-orangener-zone\/\"},\"author\":{\"name\":\"Torsten\",\"@id\":\"https:\/\/www.dein-dlrp.de\/disney-parks-magazin\/#\/schema\/person\/2875aaa814106755b8553f3267fe8c5b\"},\"headline\":\"Phase 2 der Lockerungen in Frankreich, Disneyland Paris nun in orangener Zone\",\"datePublished\":\"2020-05-28T17:21:10+00:00\",\"dateModified\":\"2023-08-02T09:41:22+00:00\",\"mainEntityOfPage\":{\"@id\":\"https:\/\/www.dein-dlrp.de\/disney-parks-magazin\/phase-2-der-lockerungen-in-frankreich-disneyland-paris-nun-in-orangener-zone\/\"},\"wordCount\":863,\"publisher\":{\"@id\":\"https:\/\/www.dein-dlrp.de\/disney-parks-magazin\/#organization\"},\"image\":{\"@id\":\"https:\/\/www.dein-dlrp.de\/disney-parks-magazin\/phase-2-der-lockerungen-in-frankreich-disneyland-paris-nun-in-orangener-zone\/#primaryimage\"},\"thumbnailUrl\":\"https:\/\/www.dein-dlrp.de\/disney-parks-magazin\/wp-content\/uploads\/2020\/05\/disneyland-paris-orange.jpg\",\"keywords\":[\"Coronavirus\",\"Covid-19\",\"Disneyland Paris\",\"Frankreich\",\"Schlie\u00dfung\",\"Wiederer\u00f6ffnung\"],\"articleSection\":[\"Ausflugsziele in der Umgebung\",\"Disneyland Paris\",\"Disneyland Paris News und Ger\u00fcchte\",\"Nachrichten &amp; Hintergr\u00fcnde\"],\"inLanguage\":\"de\"},{\"@type\":\"WebPage\",\"@id\":\"https:\/\/www.dein-dlrp.de\/disney-parks-magazin\/phase-2-der-lockerungen-in-frankreich-disneyland-paris-nun-in-orangener-zone\/\",\"url\":\"https:\/\/www.dein-dlrp.de\/disney-parks-magazin\/phase-2-der-lockerungen-in-frankreich-disneyland-paris-nun-in-orangener-zone\/\",\"name\":\"Phase 2 der Lockerungen in Frankreich, Disneyland Paris nun in orangener Zone | Disney Parks Magazin\",\"isPartOf\":{\"@id\":\"https:\/\/www.dein-dlrp.de\/disney-parks-magazin\/#website\"},\"primaryImageOfPage\":{\"@id\":\"https:\/\/www.dein-dlrp.de\/disney-parks-magazin\/phase-2-der-lockerungen-in-frankreich-disneyland-paris-nun-in-orangener-zone\/#primaryimage\"},\"image\":{\"@id\":\"https:\/\/www.dein-dlrp.de\/disney-parks-magazin\/phase-2-der-lockerungen-in-frankreich-disneyland-paris-nun-in-orangener-zone\/#primaryimage\"},\"thumbnailUrl\":\"https:\/\/www.dein-dlrp.de\/disney-parks-magazin\/wp-content\/uploads\/2020\/05\/disneyland-paris-orange.jpg\",\"datePublished\":\"2020-05-28T17:21:10+00:00\",\"dateModified\":\"2023-08-02T09:41:22+00:00\",\"breadcrumb\":{\"@id\":\"https:\/\/www.dein-dlrp.de\/disney-parks-magazin\/phase-2-der-lockerungen-in-frankreich-disneyland-paris-nun-in-orangener-zone\/#breadcrumb\"},\"inLanguage\":\"de\",\"potentialAction\":[{\"@type\":\"ReadAction\",\"target\":[\"https:\/\/www.dein-dlrp.de\/disney-parks-magazin\/phase-2-der-lockerungen-in-frankreich-disneyland-paris-nun-in-orangener-zone\/\"]}]},{\"@type\":\"ImageObject\",\"inLanguage\":\"de\",\"@id\":\"https:\/\/www.dein-dlrp.de\/disney-parks-magazin\/phase-2-der-lockerungen-in-frankreich-disneyland-paris-nun-in-orangener-zone\/#primaryimage\",\"url\":\"https:\/\/www.dein-dlrp.de\/disney-parks-magazin\/wp-content\/uploads\/2020\/05\/disneyland-paris-orange.jpg\",\"contentUrl\":\"https:\/\/www.dein-dlrp.de\/disney-parks-magazin\/wp-content\/uploads\/2020\/05\/disneyland-paris-orange.jpg\",\"width\":1200,\"height\":627,\"caption\":\"Disneyland Paris nun in der orangenen Zone der Corona-Situation in Frankreich\"},{\"@type\":\"BreadcrumbList\",\"@id\":\"https:\/\/www.dein-dlrp.de\/disney-parks-magazin\/phase-2-der-lockerungen-in-frankreich-disneyland-paris-nun-in-orangener-zone\/#breadcrumb\",\"itemListElement\":[{\"@type\":\"ListItem\",\"position\":1,\"name\":\"Disney Parks Magazin\",\"item\":\"https:\/\/www.dein-dlrp.de\/disney-parks-magazin\/\"},{\"@type\":\"ListItem\",\"position\":2,\"name\":\"Phase 2 der Lockerungen in Frankreich, Disneyland Paris nun in orangener Zone\"}]},{\"@type\":\"WebSite\",\"@id\":\"https:\/\/www.dein-dlrp.de\/disney-parks-magazin\/#website\",\"url\":\"https:\/\/www.dein-dlrp.de\/disney-parks-magazin\/\",\"name\":\"dein-dlrp Disney Parks Reisef\u00fchrer\",\"description\":\"Das Blog zu Disneyland Paris &amp; Walt Disney World\",\"publisher\":{\"@id\":\"https:\/\/www.dein-dlrp.de\/disney-parks-magazin\/#organization\"},\"potentialAction\":[{\"@type\":\"SearchAction\",\"target\":{\"@type\":\"EntryPoint\",\"urlTemplate\":\"https:\/\/www.dein-dlrp.de\/disney-parks-magazin\/?s={search_term_string}\"},\"query-input\":{\"@type\":\"PropertyValueSpecification\",\"valueRequired\":true,\"valueName\":\"search_term_string\"}}],\"inLanguage\":\"de\"},{\"@type\":\"Organization\",\"@id\":\"https:\/\/www.dein-dlrp.de\/disney-parks-magazin\/#organization\",\"name\":\"dein-dlrp.de Disney Parks Reisef\u00fchrer\",\"url\":\"https:\/\/www.dein-dlrp.de\/disney-parks-magazin\/\",\"logo\":{\"@type\":\"ImageObject\",\"inLanguage\":\"de\",\"@id\":\"https:\/\/www.dein-dlrp.de\/disney-parks-magazin\/#\/schema\/logo\/image\/\",\"url\":\"https:\/\/www.dein-dlrp.de\/disney-parks-magazin\/wp-content\/uploads\/2023\/06\/dein-dlrp-disney-parks-magazin.png\",\"contentUrl\":\"https:\/\/www.dein-dlrp.de\/disney-parks-magazin\/wp-content\/uploads\/2023\/06\/dein-dlrp-disney-parks-magazin.png\",\"width\":1500,\"height\":384,\"caption\":\"dein-dlrp.de Disney Parks Reisef\u00fchrer\"},\"image\":{\"@id\":\"https:\/\/www.dein-dlrp.de\/disney-parks-magazin\/#\/schema\/logo\/image\/\"},\"sameAs\":[\"https:\/\/facebook.com\/deindlrp\",\"https:\/\/x.com\/deindlrp\",\"https:\/\/instagram.com\/deindlrp\",\"https:\/\/www.pinterest.de\/deindlrp\/\",\"http:\/\/www.youtube.com\/deindlrp\",\"https:\/\/www.tiktok.com\/@deindlrp\"]},{\"@type\":\"Person\",\"@id\":\"https:\/\/www.dein-dlrp.de\/disney-parks-magazin\/#\/schema\/person\/2875aaa814106755b8553f3267fe8c5b\",\"name\":\"Torsten\",\"image\":{\"@type\":\"ImageObject\",\"inLanguage\":\"de\",\"@id\":\"https:\/\/www.dein-dlrp.de\/disney-parks-magazin\/#\/schema\/person\/image\/\",\"url\":\"https:\/\/secure.gravatar.com\/avatar\/f755e93a4d122c6d260bf729ab4e40a74778fa4d3e14371c827a941afd1dbb27?s=96&d=mm&r=g\",\"contentUrl\":\"https:\/\/secure.gravatar.com\/avatar\/f755e93a4d122c6d260bf729ab4e40a74778fa4d3e14371c827a941afd1dbb27?s=96&d=mm&r=g\",\"caption\":\"Torsten\"},\"description\":\"Ich habe vor mehr als zehn Jahren zusammen mit D\u00f6rthe dein-dlrp,de gegr\u00fcndet. In der Disneyland Paris Fanszene bin ich schon seit den 90er Jahren aktiv, damals als einer der Gr\u00fcnder von dlp.info und heute betreibe ich neben dein-dlrp.de auch das gr\u00f6\u00dfte deutschsprachige Disney Forum, das Main Street Emporium. Mit Disney verbinde ich unz\u00e4hlige sch\u00f6ne Erinnerungen, meine Liebe gilt, neben den Entencomics, aber vor allem den Parks &amp; Resorts, der Kreativit\u00e4t, der Thematisierung und dem Imagineering.\",\"sameAs\":[\"https:\/\/instagram.com\/deindlrp\",\"https:\/\/x.com\/deindlrp\",\"https:\/\/youtube.com\/deindlrp\"],\"url\":\"https:\/\/www.dein-dlrp.de\/disney-parks-magazin\/author\/admin\/\"}]}<\/script>","yoast_head_json":{"title":"Phase 2 der Lockerungen in Frankreich, Disneyland Paris nun in orangener Zone | Disney Parks Magazin","robots":{"index":"index","follow":"follow","max-snippet":"max-snippet:-1","max-image-preview":"max-image-preview:large","max-video-preview":"max-video-preview:-1"},"canonical":"https:\/\/www.dein-dlrp.de\/disney-parks-magazin\/phase-2-der-lockerungen-in-frankreich-disneyland-paris-nun-in-orangener-zone\/","og_locale":"de_DE","og_type":"article","og_title":"Phase 2 der Lockerungen in Frankreich, Disneyland Paris nun in orangener Zone","og_description":"In dieser zweiten Phase wird die Freiheit wieder zur Regel und das Verbot zur Ausnahme. Das ist eine der Kerns\u00e4tze und Optimismus verbreitenden Aussagen, mit denen Frankreichs Premierminister \u00c9douard Philippe heute den Eintritt Frankreichs in die zweite Phase der Lockerungen aus den Corona-Ma\u00dfnahmen verk\u00fcndete hat. W\u00e4hrend die Coronavirus- Epidemie in den letzten Wochen in Frankreich [&hellip;]","og_url":"https:\/\/www.dein-dlrp.de\/disney-parks-magazin\/phase-2-der-lockerungen-in-frankreich-disneyland-paris-nun-in-orangener-zone\/","og_site_name":"Disney Parks Magazin","article_publisher":"https:\/\/facebook.com\/deindlrp","article_published_time":"2020-05-28T17:21:10+00:00","article_modified_time":"2023-08-02T09:41:22+00:00","og_image":[{"width":1200,"height":627,"url":"https:\/\/www.dein-dlrp.de\/disney-parks-magazin\/wp-content\/uploads\/2020\/05\/disneyland-paris-orange.jpg","type":"image\/jpeg"}],"author":"Torsten","twitter_card":"summary_large_image","twitter_creator":"@deindlrp","twitter_site":"@deindlrp","twitter_misc":{"Verfasst von":"Torsten","Gesch\u00e4tzte Lesezeit":"5\u00a0Minuten"},"schema":{"@context":"https:\/\/schema.org","@graph":[{"@type":"Article","@id":"https:\/\/www.dein-dlrp.de\/disney-parks-magazin\/phase-2-der-lockerungen-in-frankreich-disneyland-paris-nun-in-orangener-zone\/#article","isPartOf":{"@id":"https:\/\/www.dein-dlrp.de\/disney-parks-magazin\/phase-2-der-lockerungen-in-frankreich-disneyland-paris-nun-in-orangener-zone\/"},"author":{"name":"Torsten","@id":"https:\/\/www.dein-dlrp.de\/disney-parks-magazin\/#\/schema\/person\/2875aaa814106755b8553f3267fe8c5b"},"headline":"Phase 2 der Lockerungen in Frankreich, Disneyland Paris nun in orangener Zone","datePublished":"2020-05-28T17:21:10+00:00","dateModified":"2023-08-02T09:41:22+00:00","mainEntityOfPage":{"@id":"https:\/\/www.dein-dlrp.de\/disney-parks-magazin\/phase-2-der-lockerungen-in-frankreich-disneyland-paris-nun-in-orangener-zone\/"},"wordCount":863,"publisher":{"@id":"https:\/\/www.dein-dlrp.de\/disney-parks-magazin\/#organization"},"image":{"@id":"https:\/\/www.dein-dlrp.de\/disney-parks-magazin\/phase-2-der-lockerungen-in-frankreich-disneyland-paris-nun-in-orangener-zone\/#primaryimage"},"thumbnailUrl":"https:\/\/www.dein-dlrp.de\/disney-parks-magazin\/wp-content\/uploads\/2020\/05\/disneyland-paris-orange.jpg","keywords":["Coronavirus","Covid-19","Disneyland Paris","Frankreich","Schlie\u00dfung","Wiederer\u00f6ffnung"],"articleSection":["Ausflugsziele in der Umgebung","Disneyland Paris","Disneyland Paris News und Ger\u00fcchte","Nachrichten &amp; Hintergr\u00fcnde"],"inLanguage":"de"},{"@type":"WebPage","@id":"https:\/\/www.dein-dlrp.de\/disney-parks-magazin\/phase-2-der-lockerungen-in-frankreich-disneyland-paris-nun-in-orangener-zone\/","url":"https:\/\/www.dein-dlrp.de\/disney-parks-magazin\/phase-2-der-lockerungen-in-frankreich-disneyland-paris-nun-in-orangener-zone\/","name":"Phase 2 der Lockerungen in Frankreich, Disneyland Paris nun in orangener Zone | Disney Parks Magazin","isPartOf":{"@id":"https:\/\/www.dein-dlrp.de\/disney-parks-magazin\/#website"},"primaryImageOfPage":{"@id":"https:\/\/www.dein-dlrp.de\/disney-parks-magazin\/phase-2-der-lockerungen-in-frankreich-disneyland-paris-nun-in-orangener-zone\/#primaryimage"},"image":{"@id":"https:\/\/www.dein-dlrp.de\/disney-parks-magazin\/phase-2-der-lockerungen-in-frankreich-disneyland-paris-nun-in-orangener-zone\/#primaryimage"},"thumbnailUrl":"https:\/\/www.dein-dlrp.de\/disney-parks-magazin\/wp-content\/uploads\/2020\/05\/disneyland-paris-orange.jpg","datePublished":"2020-05-28T17:21:10+00:00","dateModified":"2023-08-02T09:41:22+00:00","breadcrumb":{"@id":"https:\/\/www.dein-dlrp.de\/disney-parks-magazin\/phase-2-der-lockerungen-in-frankreich-disneyland-paris-nun-in-orangener-zone\/#breadcrumb"},"inLanguage":"de","potentialAction":[{"@type":"ReadAction","target":["https:\/\/www.dein-dlrp.de\/disney-parks-magazin\/phase-2-der-lockerungen-in-frankreich-disneyland-paris-nun-in-orangener-zone\/"]}]},{"@type":"ImageObject","inLanguage":"de","@id":"https:\/\/www.dein-dlrp.de\/disney-parks-magazin\/phase-2-der-lockerungen-in-frankreich-disneyland-paris-nun-in-orangener-zone\/#primaryimage","url":"https:\/\/www.dein-dlrp.de\/disney-parks-magazin\/wp-content\/uploads\/2020\/05\/disneyland-paris-orange.jpg","contentUrl":"https:\/\/www.dein-dlrp.de\/disney-parks-magazin\/wp-content\/uploads\/2020\/05\/disneyland-paris-orange.jpg","width":1200,"height":627,"caption":"Disneyland Paris nun in der orangenen Zone der Corona-Situation in Frankreich"},{"@type":"BreadcrumbList","@id":"https:\/\/www.dein-dlrp.de\/disney-parks-magazin\/phase-2-der-lockerungen-in-frankreich-disneyland-paris-nun-in-orangener-zone\/#breadcrumb","itemListElement":[{"@type":"ListItem","position":1,"name":"Disney Parks Magazin","item":"https:\/\/www.dein-dlrp.de\/disney-parks-magazin\/"},{"@type":"ListItem","position":2,"name":"Phase 2 der Lockerungen in Frankreich, Disneyland Paris nun in orangener Zone"}]},{"@type":"WebSite","@id":"https:\/\/www.dein-dlrp.de\/disney-parks-magazin\/#website","url":"https:\/\/www.dein-dlrp.de\/disney-parks-magazin\/","name":"dein-dlrp Disney Parks Reisef\u00fchrer","description":"Das Blog zu Disneyland Paris &amp; Walt Disney World","publisher":{"@id":"https:\/\/www.dein-dlrp.de\/disney-parks-magazin\/#organization"},"potentialAction":[{"@type":"SearchAction","target":{"@type":"EntryPoint","urlTemplate":"https:\/\/www.dein-dlrp.de\/disney-parks-magazin\/?s={search_term_string}"},"query-input":{"@type":"PropertyValueSpecification","valueRequired":true,"valueName":"search_term_string"}}],"inLanguage":"de"},{"@type":"Organization","@id":"https:\/\/www.dein-dlrp.de\/disney-parks-magazin\/#organization","name":"dein-dlrp.de Disney Parks Reisef\u00fchrer","url":"https:\/\/www.dein-dlrp.de\/disney-parks-magazin\/","logo":{"@type":"ImageObject","inLanguage":"de","@id":"https:\/\/www.dein-dlrp.de\/disney-parks-magazin\/#\/schema\/logo\/image\/","url":"https:\/\/www.dein-dlrp.de\/disney-parks-magazin\/wp-content\/uploads\/2023\/06\/dein-dlrp-disney-parks-magazin.png","contentUrl":"https:\/\/www.dein-dlrp.de\/disney-parks-magazin\/wp-content\/uploads\/2023\/06\/dein-dlrp-disney-parks-magazin.png","width":1500,"height":384,"caption":"dein-dlrp.de Disney Parks Reisef\u00fchrer"},"image":{"@id":"https:\/\/www.dein-dlrp.de\/disney-parks-magazin\/#\/schema\/logo\/image\/"},"sameAs":["https:\/\/facebook.com\/deindlrp","https:\/\/x.com\/deindlrp","https:\/\/instagram.com\/deindlrp","https:\/\/www.pinterest.de\/deindlrp\/","http:\/\/www.youtube.com\/deindlrp","https:\/\/www.tiktok.com\/@deindlrp"]},{"@type":"Person","@id":"https:\/\/www.dein-dlrp.de\/disney-parks-magazin\/#\/schema\/person\/2875aaa814106755b8553f3267fe8c5b","name":"Torsten","image":{"@type":"ImageObject","inLanguage":"de","@id":"https:\/\/www.dein-dlrp.de\/disney-parks-magazin\/#\/schema\/person\/image\/","url":"https:\/\/secure.gravatar.com\/avatar\/f755e93a4d122c6d260bf729ab4e40a74778fa4d3e14371c827a941afd1dbb27?s=96&d=mm&r=g","contentUrl":"https:\/\/secure.gravatar.com\/avatar\/f755e93a4d122c6d260bf729ab4e40a74778fa4d3e14371c827a941afd1dbb27?s=96&d=mm&r=g","caption":"Torsten"},"description":"Ich habe vor mehr als zehn Jahren zusammen mit D\u00f6rthe dein-dlrp,de gegr\u00fcndet. In der Disneyland Paris Fanszene bin ich schon seit den 90er Jahren aktiv, damals als einer der Gr\u00fcnder von dlp.info und heute betreibe ich neben dein-dlrp.de auch das gr\u00f6\u00dfte deutschsprachige Disney Forum, das Main Street Emporium. Mit Disney verbinde ich unz\u00e4hlige sch\u00f6ne Erinnerungen, meine Liebe gilt, neben den Entencomics, aber vor allem den Parks &amp; Resorts, der Kreativit\u00e4t, der Thematisierung und dem Imagineering.","sameAs":["https:\/\/instagram.com\/deindlrp","https:\/\/x.com\/deindlrp","https:\/\/youtube.com\/deindlrp"],"url":"https:\/\/www.dein-dlrp.de\/disney-parks-magazin\/author\/admin\/"}]}},"_links":{"self":[{"href":"https:\/\/www.dein-dlrp.de\/disney-parks-magazin\/wp-json\/wp\/v2\/posts\/31132","targetHints":{"allow":["GET"]}}],"collection":[{"href":"https:\/\/www.dein-dlrp.de\/disney-parks-magazin\/wp-json\/wp\/v2\/posts"}],"about":[{"href":"https:\/\/www.dein-dlrp.de\/disney-parks-magazin\/wp-json\/wp\/v2\/types\/post"}],"author":[{"embeddable":true,"href":"https:\/\/www.dein-dlrp.de\/disney-parks-magazin\/wp-json\/wp\/v2\/users\/1"}],"replies":[{"embeddable":true,"href":"https:\/\/www.dein-dlrp.de\/disney-parks-magazin\/wp-json\/wp\/v2\/comments?post=31132"}],"version-history":[{"count":0,"href":"https:\/\/www.dein-dlrp.de\/disney-parks-magazin\/wp-json\/wp\/v2\/posts\/31132\/revisions"}],"wp:featuredmedia":[{"embeddable":true,"href":"https:\/\/www.dein-dlrp.de\/disney-parks-magazin\/wp-json\/wp\/v2\/media\/31133"}],"wp:attachment":[{"href":"https:\/\/www.dein-dlrp.de\/disney-parks-magazin\/wp-json\/wp\/v2\/media?parent=31132"}],"wp:term":[{"taxonomy":"category","embeddable":true,"href":"https:\/\/www.dein-dlrp.de\/disney-parks-magazin\/wp-json\/wp\/v2\/categories?post=31132"},{"taxonomy":"post_tag","embeddable":true,"href":"https:\/\/www.dein-dlrp.de\/disney-parks-magazin\/wp-json\/wp\/v2\/tags?post=31132"}],"curies":[{"name":"wp","href":"https:\/\/api.w.org\/{rel}","templated":true}]}}