{"id":31118,"date":"2020-05-28T16:43:49","date_gmt":"2020-05-28T14:43:49","guid":{"rendered":"https:\/\/www.dein-dlrp.de\/disney-parks-magazin\/?p=31118"},"modified":"2023-08-02T11:41:42","modified_gmt":"2023-08-02T09:41:42","slug":"walt-disney-world-kuerzere-und-versetzte-oeffnungszeiten-ab-wiedereroeffnung","status":"publish","type":"post","link":"https:\/\/www.dein-dlrp.de\/disney-parks-magazin\/walt-disney-world-kuerzere-und-versetzte-oeffnungszeiten-ab-wiedereroeffnung\/","title":{"rendered":"Walt Disney World: k\u00fcrzere und versetzte \u00d6ffnungszeiten ab Wiederer\u00f6ffnung"},"content":{"rendered":"\n<figure class=\"wp-block-image size-large\"><img decoding=\"async\" width=\"1200\" height=\"627\" src=\"https:\/\/www.dein-dlrp.de\/disney-parks-magazin\/wp-content\/uploads\/2020\/05\/walt-disney-world-neue-oeffnungszeiten.jpg\" alt=\"Wiederer\u00f6ffnung nach Corona: Neue \u00d6ffnungszeiten f\u00fcr Walt Disney World\" class=\"wp-image-31128\" title=\"Walt Disney Worlds neue \u00d6ffnungszeiten\" srcset=\"https:\/\/www.dein-dlrp.de\/disney-parks-magazin\/wp-content\/uploads\/2020\/05\/walt-disney-world-neue-oeffnungszeiten.jpg 1200w, https:\/\/www.dein-dlrp.de\/disney-parks-magazin\/wp-content\/uploads\/2020\/05\/walt-disney-world-neue-oeffnungszeiten-300x157.jpg 300w, https:\/\/www.dein-dlrp.de\/disney-parks-magazin\/wp-content\/uploads\/2020\/05\/walt-disney-world-neue-oeffnungszeiten-768x401.jpg 768w\" sizes=\"(max-width: 1200px) 100vw, 1200px\" \/><\/figure>\n\n\n\n<p>Mit der gestrigen Ank\u00fcndigung zur geplanten <a href=\"https:\/\/www.dein-dlrp.de\/disney-parks-magazin\/wiedereroeffnungsdatum-fuer-walt-disney-world-steht-fest\/\" target=\"_blank\" rel=\"noreferrer noopener\">Wiederer\u00f6ffnung von Walt Disney World<\/a> gingen auch einige \u00c4nderungen an den \u00d6ffnungszeiten der Parks und Wasserparks, sowie Disney Springs einher.<\/p>\n\n\n\n<p>Diese wurden zwar nicht explizit angek\u00fcndigt, finden sich aber im Kalender von Walt Disney World und in der Walt Disney World App.<\/p>\n\n\n\n<p>Die \u00d6ffnungszeiten der Parks sind einerseits versetzt zueinander und andererseits auch gek\u00fcrzt worden.<\/p>\n\n\n\n<!--more-->\n\n\n\n<img decoding=\"async\" src=\"https:\/\/vg04.met.vgwort.de\/na\/ef6d3d2af9e84dcea3eb9d575f37ef6a\" width=\"1\" height=\"1\" alt=\"\">\n\n\n\n<h2 class=\"wp-block-heading\" id=\"h-walt-disney-worlds-geanderte-offnungszeiten-sparmassnahme-oder-corona-schutz\">Walt Disney Worlds ge\u00e4nderte \u00d6ffnungszeiten &#8211; Sparma\u00dfnahme oder Corona-Schutz?<\/h2>\n\n\n\n<p>Einerseits k\u00f6nnen die neuen, im Schnitt reduzierten \u00d6ffnungszeiten, als Sparma\u00dfnahmen gesehen werden, was sicherlich nicht von der Hand zu weisen und nach den <a rel=\"noreferrer noopener\" href=\"https:\/\/www.dein-dlrp.de\/disney-parks-magazin\/schlechte-analysten-prognosen-gestoppte-gehaltszahlungen-zur-aktuellen-lage-der-walt-disney-company\/\" target=\"_blank\">finanziellen Einbu\u00dfen der langen Schlie\u00dfzeit<\/a> ein plausibler Grund ist. <\/p>\n\n\n\n<p>Andererseits er\u00f6ffnen sie Walt Disney World aber auch M\u00f6glichkeiten zur Entlastung seines internen Transportnetzwerkes.<\/p>\n\n\n\n<h3 class=\"wp-block-heading\" id=\"h-versetzte-offnungszeiten-der-parks-zur-entlastung-des-internen-nahverkehrs-von-walt-disney-world\">Versetzte \u00d6ffnungszeiten der Parks zur Entlastung des internen Nahverkehrs von Walt Disney World<\/h3>\n\n\n\n<p>Walt Disney World verf\u00fcgt \u00fcber ein <a href=\"https:\/\/www.dein-dlrp.de\/walt-disney-world\/urlaub-in-walt-disney-world\/mobil-vor-ort-disney-transport-oder-mietwagen.html\" target=\"_blank\" rel=\"noreferrer noopener\">sehr gro\u00dfes und ausgefeiltes internes Nahverkehrssystem<\/a>, dessen sichere und dennoch effektive Nutzung von Anfang an essentieller Teil der Planungen zur Wiederer\u00f6ffnung der Parks war.<\/p>\n\n\n\n<h4 class=\"wp-block-heading\" id=\"h-die-versetzten-offnungszeiten-der-parks-in-bezug-auf-den-bustransfer\">Die versetzten \u00d6ffnungszeiten der Parks in Bezug auf den Bustransfer<\/h4>\n\n\n\n<p>Die versetzten \u00d6ffnungszeiten der Parks, morgens mit \u00d6ffnungszeiten ab 8:00 (Animal Kingdom), 9:00 (Magic Kingdom), 10:00 (Hollywood Studios) und 11:00 h (Epcot) erm\u00f6glicht Disney unter anderem eine effektivere Ausnutzung seiner internen Transportsysteme. So k\u00f6nnen dadurch zeitgleich mehr Busse von einem Resort einen Park zu dessen \u201eRush Hour\u201c  anfahren, als bei paralleler Er\u00f6ffnung mehrerer Parks. Gleichzeitig besteht bei diesem Vorgehen nicht die Gefahr, dass die Kapazit\u00e4ten der Haltestellen (wo somit der Abstand besser gewahrt werden kann) und Fahrtwege innerhalb der Disney Hotels und Resorts zu \u00fcberlasten, was der Fall w\u00e4re, wenn eine gr\u00f6\u00dfere Anzahl an Bussen f\u00fcr jeden einzelnen Park zu \u00fcberlappenden Zeiten abfahren bzw. ankommen w\u00fcrde.<\/p>\n\n\n\n<h4 class=\"wp-block-heading\" id=\"h-nutzen-zeitlich-versetzter-schliesszeiten-fur-den-busverkehr\">Nutzen zeitlich versetzter Schlie\u00dfzeiten f\u00fcr den Busverkehr<\/h4>\n\n\n\n<p>Das gilt ebenso f\u00fcr die versetzten Schlie\u00dfzeiten mit 18:00 (Animal Kingdom), 19:00 (Magic Kingdom), 20:00 (Hollywood Studios) und 21:00 (Epcot). Gleichzeitig geben diese versetzten \u00d6ffnungszeiten mit ebenfalls versetztem Bedarf an Transportmitteln Disney die M\u00f6glichkeit, Busse immer kurzzeitig aus dem Betrieb zu nehmen und zu reinigen bzw. zu desinfizieren. Abends stehen dann au\u00dferdem f\u00fcr die gro\u00dfen Massen, die zur Schlie\u00dfung zeitgleich aus den Parks str\u00f6men mehr Busse zur Verf\u00fcgung, um die G\u00e4ste schneller zu ihren Resorts zu bringen und somit die Menschentrauben an den Bushaltestellen der Parks schneller abzubauen bzw. gar nicht erst anwachsen zu lassen.<\/p>\n\n\n\n<h4 class=\"wp-block-heading\" id=\"h-disney-skyliner-boote-und-monorail\">Disney Skyliner, Boote und Monorail<\/h4>\n\n\n\n<p>\u00c4hnliches gilt auch f\u00fcr den Skyliner auf den Strecken von Disney\u2019s Art of Animation Resort und Disney\u2019s Pop Century Resort, der auf der Teilstrecke bis zum Umstieg am zentralen Hub bei Disney\u2019s Caribbean Beach Resort nicht zeitgleich die zur \u00d6ffnungszeit nach Epcot und in die Hollywood Studios fahrenden G\u00e4ste bedienen muss.<\/p>\n\n\n\n<p>Bei den Booten sind \u00e4hnliche Effekte an den Anlegern bei Boardwalk, Yacht Club, Beach Club sowie Swan &amp; Dolphin zu erwarten. Die Linien selbst, auch nicht der &#8220;Kreisverkehr&#8221; zwischen Epcot, den Resorts rund um Crescent Lake und den Hollywood Studios, bedienen in der Regeln nur einen Park bzw. k\u00f6nnen so bef\u00fcllt werden, dass G\u00e4ste keine Rundfahrten antreten k\u00f6nnen, sondern nur zum gew\u00fcnschten Park transportiert werden.<\/p>\n\n\n\n<p>Die Monorails von Walt Disney World bedienen naturgem\u00e4\u00df jeweils nur einen Park. Somit sind durch die ge\u00e4nderteten \u00d6ffnungszeiten hier keine \u00c4nderungen zu erwarten. Andere Ma\u00dfnahmen, wie ein Forcieren der Nutzung von Bussen, um vom Transportation und Ticket Center zum Magic Kingdom zu kommen sind aber durchaus denkbar.<\/p>\n\n\n\n<h3 class=\"wp-block-heading\" id=\"h-die-neuen-offnungszeiten-der-parks-und-anderer-bereiche-im-detail\">Die neuen \u00d6ffnungszeiten der Parks und anderer Bereiche im Detail<\/h3>\n\n\n\n<h4 class=\"wp-block-heading\" id=\"h-magic-kingdom\"><a href=\"https:\/\/www.dein-dlrp.de\/walt-disney-world\/magic-kingdom.html\" target=\"_blank\" rel=\"noreferrer noopener\">Magic Kingdom<\/a><\/h4>\n\n\n\n<p>Das Magic Kingdom soll von seiner Wiederer\u00f6ffnung am 11.7. bis in den Herbst hinein fast immer von 9:00 bis 19:00 h ge\u00f6ffnet sein. An Tagen, an denen keine Parties stattfinden sollten, ist das eine K\u00fcrzung der \u00d6ffnungszeiten gegen\u00fcber den meisten vorher ver\u00f6ffentlichten Zeiten. An Tagen, an denen wegen Halloween-Parties bereits um 18:00 h geschlossen werden sollte, hat der Park nun allerdings eine Stunde l\u00e4nger als bisher angek\u00fcndigt ge\u00f6ffnet.<br>Ob Mickey&#8217;s Not So Scary Halloween Partie allerdings tats\u00e4chlich stattfinden wird, ist zum jetzigen Zeitpunkt noch nicht best\u00e4tigt.<\/p>\n\n\n\n<p>UPDATE 29.5. Heute hat Disney alle Zeiten f\u00fcr Extra Magic Hours aus seinen Zeitpl\u00e4nen entfernt.<\/p>\n\n\n\n<h4 class=\"wp-block-heading\" id=\"h-epcot\"><a href=\"https:\/\/www.dein-dlrp.de\/walt-disney-world\/epcot.html\" target=\"_blank\" rel=\"noreferrer noopener\">Epcot<\/a><\/h4>\n\n\n\n<p>Epcot wird ab 15.7. an allen Tagen insgesamt erst um 11:00 h \u00f6ffnen. Damit betrifft die sp\u00e4tere \u00d6ffnung um 11:00 h nicht mehr nur den World Showcase, sondern den gesamten Park, der in der Regel bis 21:00 h ge\u00f6ffnet bleiben soll. Damit verliert Epcot t\u00e4glich bis zu 3 Stunden \u00d6ffnungszeit, da die Regel\u00f6ffnungszeit bisher (f\u00fcr Future World) von 9:00 bis 22:00 h war. <\/p>\n\n\n\n<p>UPDATE 29.5. Heute hat Disney alle Zeiten f\u00fcr Extra Magic Hours aus seinen Zeitpl\u00e4nen entfernt.<\/p>\n\n\n\n<h4 class=\"wp-block-heading\" id=\"h-hollywood-studios\"><a href=\"https:\/\/www.dein-dlrp.de\/walt-disney-world\/hollywood-studios.html\" target=\"_blank\" rel=\"noreferrer noopener\">Hollywood Studios<\/a><\/h4>\n\n\n\n<p>Die Hollywood Studios sollen ab ihrer Wiederer\u00f6ffnung am 15.7. t\u00e4glich von 10:00 bis 20:00 h ge\u00f6ffnet werden. Die Hollywood Studios verlieren dadurch an den meisten Tagen 1 \u00bd \u00d6ffnungsstunden, da ihre Regel\u00f6ffnungszeiten vorher von 9:00 bis 20:30 h waren.<\/p>\n\n\n\n<p>UPDATE 29.5. Heute hat Disney alle Zeiten f\u00fcr Extra Magic Hours aus seinen Zeitpl\u00e4nen entfernt.<\/p>\n\n\n\n<h4 class=\"wp-block-heading\" id=\"h-animal-kingdom\"><a href=\"https:\/\/www.dein-dlrp.de\/walt-disney-world\/animal-kingdom.html\">Animal Kingdom<\/a><\/h4>\n\n\n\n<p>Das Animal Kingdom \u00f6ffnet am 11.7. wieder und soll von dort an bis in den Herbst t\u00e4glich von 8:00 bis 18:00 h ge\u00f6ffnet sein. Disney nutzt damit die M\u00f6glichkeit, durch den Wegfall der Abendshow Rivers of Light, wie aller anderen gro\u00dfen Abendshows f\u00fcr die Zeit nach der Wiederer\u00f6ffnung, die abendlichen \u00d6ffnungszeiten des Animal Kingdom deutlich einzuschr\u00e4nken \u2013 so dass man leider f\u00fcr den Moment keine Chance haben wird, Pandora  mit seiner gerade bei Dunkelheit besonderen Atmosph\u00e4re zu erleben.<\/p>\n\n\n\n<p>UPDATE 29.5. Heute hat Disney alle Zeiten f\u00fcr Extra Magic Hours aus seinen Zeitpl\u00e4nen entfernt.<\/p>\n\n\n\n<h4 class=\"wp-block-heading\" id=\"h-die-wasserparks-typhoon-lagoon-und-blizzard-beach\">Die Wasserparks <a href=\"https:\/\/www.dein-dlrp.de\/walt-disney-world\/typhoon-lagoon.html\">Typhoon Lagoon<\/a> und <a href=\"https:\/\/www.dein-dlrp.de\/walt-disney-world\/blizzard-beach.html\">Blizzard Beach<\/a><\/h4>\n\n\n\n<p>Die beiden Wasserparks Blizzard Beach und Typhoon Lagoon sollen im Sommer zwischen 10:00 und 20:00 h ge\u00f6ffnet haben. Typhoon Lagoon soll ab September von 10:00 bis 18:00 ge\u00f6ffnet sein, Blizzard Beach, bis zu seiner bereits angek\u00fcndigten Schlie\u00dfung wegen Wartung ab 13.9., von 10:00 bis 17:00 h. Damit gewinnen die beiden Wasserparks im Vergleich zur urspr\u00fcnglichen Planung an einigen Tagen im Sommer, f\u00fcr die sie bisher nur bis 18:00 bzw. 19:00 h als ge\u00f6ffnet gef\u00fchrt waren, \u00d6ffnungsstunden hinzu und Typhoon Lagoon auch im Herbst eine Stunde durch die \u00d6ffnung bis 18:00 statt bis 17:00 h.<\/p>\n\n\n\n<h5 class=\"wp-block-heading\" id=\"h-werden-die-water-parks-von-walt-disney-world-wirklich-wieder-geoffnet\">Werden die Water Parks von Walt Disney World wirklich wieder ge\u00f6ffnet?<\/h5>\n\n\n\n<p>Walt Disney World hat sich noch nicht explizit dazu ge\u00e4u\u00dfert, ob die Wasserparks wieder ge\u00f6ffnet werden und falls ja, unter welchen Bedingungen. Vielfach war vermutet worden, dass Blizzard Beach und Typhoon Lagoon zun\u00e4chst weiterhin geschlossen bleiben w\u00fcrden, weil dort Ma\u00dfnahmen wie die Maskenpflicht und andere Sicherheitskonzepte schwerer umzusetzen sind, allerdings erscheint nun eine \u00d6ffnung zusammen mit den anderen Parks wahrscheinlich, da man durch die gestern ge\u00e4nderten \u00d6ffnungszeiten nicht davon ausgehen kann, dass Disney die Wasserparks nur noch nicht aktualisiert hat und noch die vor-Corona-\u00d6ffnungszeiten meldet. <br>Auch Universal hatte \u00fcberraschend bei der Ank\u00fcndigung seiner bereits im Juni erfolgenden Wiederer\u00f6ffnung verk\u00fcndet, dass der Wasserpark Volcano Bay auch wiederer\u00f6ffnen w\u00fcrde, ebenso SeaWorld bzgl. seines Wasserparks Aquatica. Eine \u00c4u\u00dferung von Disney zu den Wasserparks bleibt aber noch abzuwarten.<\/p>\n\n\n\n<h4 class=\"wp-block-heading\" id=\"h-disney-springs-amp-disney-s-boardwalk\"><a href=\"https:\/\/www.dein-dlrp.de\/walt-disney-world\/disney-springs.html\" target=\"_blank\" rel=\"noreferrer noopener\">Disney Springs<\/a> &amp; <a href=\"https:\/\/www.dein-dlrp.de\/walt-disney-world\/disneys-boardwalk.html\" target=\"_blank\" rel=\"noreferrer noopener\">Disney&#8217;s Boardwalk<\/a><\/h4>\n\n\n\n<p>Disney Springs, das bereits aktuell wieder ge\u00f6ffnet ist, soll weiterhin von 10:00 bis 22:00 h ge\u00f6ffnet bleiben, w\u00e4hrend Disney\u2018s Boardwalk von 6:30 \u2013 02:00 h ge\u00f6ffnet werden soll.<\/p>\n<input class=\"fooboxshare_post_id\" type=\"hidden\" value=\"31118\"\/>","protected":false},"excerpt":{"rendered":"<p>Mit der gestrigen Ank\u00fcndigung zur geplanten Wiederer\u00f6ffnung von Walt Disney World gingen auch einige \u00c4nderungen an den \u00d6ffnungszeiten der Parks und Wasserparks, sowie Disney Springs einher. Diese wurden zwar nicht explizit angek\u00fcndigt, finden sich aber im Kalender von Walt Disney World und in der Walt Disney World App. Die \u00d6ffnungszeiten der Parks sind einerseits versetzt [&hellip;]<\/p>\n","protected":false},"author":1,"featured_media":31128,"comment_status":"closed","ping_status":"closed","sticky":false,"template":"","format":"standard","meta":{"_acf_changed":false,"wprm-recipe-roundup-name":"","wprm-recipe-roundup-description":"","ngg_post_thumbnail":0,"footnotes":""},"categories":[42,52,56,60,61,64,11669,39,67],"tags":[5286,5289,248,13121,906,563,586],"class_list":["post-31118","post","type-post","status-publish","format-standard","has-post-thumbnail","hentry","category-animal-kingdom","category-disney-springs","category-epcot","category-hollywood-studios","category-hotels","category-magic-kingdom","category-nachrichten-hintergruende","category-walt-disney-world","category-news-und-geruechte","tag-coronavirus","tag-covid-19","tag-disney-parks","tag-disney-transport","tag-disneys-skyliner","tag-monorail","tag-offnungszeiten"],"acf":[],"yoast_head":"<title>Walt Disney World: k\u00fcrzere und versetzte \u00d6ffnungszeiten ab Wiederer\u00f6ffnung | Disney Parks Magazin<\/title>\n<meta name=\"description\" content=\"Walt Disney World hat neue \u00d6ffnungszeiten seiner Parks ver\u00f6ffentlicht - Als Sparma\u00dfnahme oder f\u00fcr Corona-Schutz? Erfahrt es in unserem Magazin\" \/>\n<meta name=\"robots\" content=\"index, follow, max-snippet:-1, max-image-preview:large, max-video-preview:-1\" \/>\n<link rel=\"canonical\" href=\"https:\/\/www.dein-dlrp.de\/disney-parks-magazin\/walt-disney-world-kuerzere-und-versetzte-oeffnungszeiten-ab-wiedereroeffnung\/\" \/>\n<meta property=\"og:locale\" content=\"de_DE\" \/>\n<meta property=\"og:type\" content=\"article\" \/>\n<meta property=\"og:title\" content=\"Walt Disney World: k\u00fcrzere und versetzte \u00d6ffnungszeiten ab Wiederer\u00f6ffnung\" \/>\n<meta property=\"og:description\" content=\"Walt Disney World hat neue \u00d6ffnungszeiten seiner Parks ver\u00f6ffentlicht - Als Sparma\u00dfnahme oder f\u00fcr Corona-Schutz? Erfahrt es in unserem Magazin\" \/>\n<meta property=\"og:url\" content=\"https:\/\/www.dein-dlrp.de\/disney-parks-magazin\/walt-disney-world-kuerzere-und-versetzte-oeffnungszeiten-ab-wiedereroeffnung\/\" \/>\n<meta property=\"og:site_name\" content=\"Disney Parks Magazin\" \/>\n<meta property=\"article:publisher\" content=\"https:\/\/facebook.com\/deindlrp\" \/>\n<meta property=\"article:published_time\" content=\"2020-05-28T14:43:49+00:00\" \/>\n<meta property=\"article:modified_time\" content=\"2023-08-02T09:41:42+00:00\" \/>\n<meta property=\"og:image\" content=\"https:\/\/www.dein-dlrp.de\/disney-parks-magazin\/wp-content\/uploads\/2020\/05\/walt-disney-world-neue-oeffnungszeiten.jpg\" \/>\n\t<meta property=\"og:image:width\" content=\"1200\" \/>\n\t<meta property=\"og:image:height\" content=\"627\" \/>\n\t<meta property=\"og:image:type\" content=\"image\/jpeg\" \/>\n<meta name=\"author\" content=\"Torsten\" \/>\n<meta name=\"twitter:card\" content=\"summary_large_image\" \/>\n<meta name=\"twitter:creator\" content=\"@deindlrp\" \/>\n<meta name=\"twitter:site\" content=\"@deindlrp\" \/>\n<meta name=\"twitter:label1\" content=\"Verfasst von\" \/>\n\t<meta name=\"twitter:data1\" content=\"Torsten\" \/>\n\t<meta name=\"twitter:label2\" content=\"Gesch\u00e4tzte Lesezeit\" \/>\n\t<meta name=\"twitter:data2\" content=\"7\u00a0Minuten\" \/>\n<script type=\"application\/ld+json\" class=\"yoast-schema-graph\">{\"@context\":\"https:\/\/schema.org\",\"@graph\":[{\"@type\":\"Article\",\"@id\":\"https:\/\/www.dein-dlrp.de\/disney-parks-magazin\/walt-disney-world-kuerzere-und-versetzte-oeffnungszeiten-ab-wiedereroeffnung\/#article\",\"isPartOf\":{\"@id\":\"https:\/\/www.dein-dlrp.de\/disney-parks-magazin\/walt-disney-world-kuerzere-und-versetzte-oeffnungszeiten-ab-wiedereroeffnung\/\"},\"author\":{\"name\":\"Torsten\",\"@id\":\"https:\/\/www.dein-dlrp.de\/disney-parks-magazin\/#\/schema\/person\/2875aaa814106755b8553f3267fe8c5b\"},\"headline\":\"Walt Disney World: k\u00fcrzere und versetzte \u00d6ffnungszeiten ab Wiederer\u00f6ffnung\",\"datePublished\":\"2020-05-28T14:43:49+00:00\",\"dateModified\":\"2023-08-02T09:41:42+00:00\",\"mainEntityOfPage\":{\"@id\":\"https:\/\/www.dein-dlrp.de\/disney-parks-magazin\/walt-disney-world-kuerzere-und-versetzte-oeffnungszeiten-ab-wiedereroeffnung\/\"},\"wordCount\":1231,\"publisher\":{\"@id\":\"https:\/\/www.dein-dlrp.de\/disney-parks-magazin\/#organization\"},\"image\":{\"@id\":\"https:\/\/www.dein-dlrp.de\/disney-parks-magazin\/walt-disney-world-kuerzere-und-versetzte-oeffnungszeiten-ab-wiedereroeffnung\/#primaryimage\"},\"thumbnailUrl\":\"https:\/\/www.dein-dlrp.de\/disney-parks-magazin\/wp-content\/uploads\/2020\/05\/walt-disney-world-neue-oeffnungszeiten.jpg\",\"keywords\":[\"Coronavirus\",\"Covid-19\",\"Disney Parks\",\"Disney Transport\",\"Disneys Skyliner\",\"Monorail\",\"\u00d6ffnungszeiten\"],\"articleSection\":[\"Animal Kingdom\",\"Disney Springs\",\"Epcot\",\"Hollywood Studios\",\"Hotels\",\"Magic Kingdom\",\"Nachrichten &amp; Hintergr\u00fcnde\",\"Walt Disney World\",\"Walt Disney World News und Ger\u00fcchte\"],\"inLanguage\":\"de\"},{\"@type\":\"WebPage\",\"@id\":\"https:\/\/www.dein-dlrp.de\/disney-parks-magazin\/walt-disney-world-kuerzere-und-versetzte-oeffnungszeiten-ab-wiedereroeffnung\/\",\"url\":\"https:\/\/www.dein-dlrp.de\/disney-parks-magazin\/walt-disney-world-kuerzere-und-versetzte-oeffnungszeiten-ab-wiedereroeffnung\/\",\"name\":\"Walt Disney World: k\u00fcrzere und versetzte \u00d6ffnungszeiten ab Wiederer\u00f6ffnung | Disney Parks Magazin\",\"isPartOf\":{\"@id\":\"https:\/\/www.dein-dlrp.de\/disney-parks-magazin\/#website\"},\"primaryImageOfPage\":{\"@id\":\"https:\/\/www.dein-dlrp.de\/disney-parks-magazin\/walt-disney-world-kuerzere-und-versetzte-oeffnungszeiten-ab-wiedereroeffnung\/#primaryimage\"},\"image\":{\"@id\":\"https:\/\/www.dein-dlrp.de\/disney-parks-magazin\/walt-disney-world-kuerzere-und-versetzte-oeffnungszeiten-ab-wiedereroeffnung\/#primaryimage\"},\"thumbnailUrl\":\"https:\/\/www.dein-dlrp.de\/disney-parks-magazin\/wp-content\/uploads\/2020\/05\/walt-disney-world-neue-oeffnungszeiten.jpg\",\"datePublished\":\"2020-05-28T14:43:49+00:00\",\"dateModified\":\"2023-08-02T09:41:42+00:00\",\"description\":\"Walt Disney World hat neue \u00d6ffnungszeiten seiner Parks ver\u00f6ffentlicht - Als Sparma\u00dfnahme oder f\u00fcr Corona-Schutz? Erfahrt es in unserem Magazin\",\"breadcrumb\":{\"@id\":\"https:\/\/www.dein-dlrp.de\/disney-parks-magazin\/walt-disney-world-kuerzere-und-versetzte-oeffnungszeiten-ab-wiedereroeffnung\/#breadcrumb\"},\"inLanguage\":\"de\",\"potentialAction\":[{\"@type\":\"ReadAction\",\"target\":[\"https:\/\/www.dein-dlrp.de\/disney-parks-magazin\/walt-disney-world-kuerzere-und-versetzte-oeffnungszeiten-ab-wiedereroeffnung\/\"]}]},{\"@type\":\"ImageObject\",\"inLanguage\":\"de\",\"@id\":\"https:\/\/www.dein-dlrp.de\/disney-parks-magazin\/walt-disney-world-kuerzere-und-versetzte-oeffnungszeiten-ab-wiedereroeffnung\/#primaryimage\",\"url\":\"https:\/\/www.dein-dlrp.de\/disney-parks-magazin\/wp-content\/uploads\/2020\/05\/walt-disney-world-neue-oeffnungszeiten.jpg\",\"contentUrl\":\"https:\/\/www.dein-dlrp.de\/disney-parks-magazin\/wp-content\/uploads\/2020\/05\/walt-disney-world-neue-oeffnungszeiten.jpg\",\"width\":1200,\"height\":627,\"caption\":\"Grafik zur Wiederer\u00f6ffnung nach Corona: Neue \u00d6ffnungszeiten f\u00fcr Walt Disney World\"},{\"@type\":\"BreadcrumbList\",\"@id\":\"https:\/\/www.dein-dlrp.de\/disney-parks-magazin\/walt-disney-world-kuerzere-und-versetzte-oeffnungszeiten-ab-wiedereroeffnung\/#breadcrumb\",\"itemListElement\":[{\"@type\":\"ListItem\",\"position\":1,\"name\":\"Disney Parks Magazin\",\"item\":\"https:\/\/www.dein-dlrp.de\/disney-parks-magazin\/\"},{\"@type\":\"ListItem\",\"position\":2,\"name\":\"Walt Disney World: k\u00fcrzere und versetzte \u00d6ffnungszeiten ab Wiederer\u00f6ffnung\"}]},{\"@type\":\"WebSite\",\"@id\":\"https:\/\/www.dein-dlrp.de\/disney-parks-magazin\/#website\",\"url\":\"https:\/\/www.dein-dlrp.de\/disney-parks-magazin\/\",\"name\":\"dein-dlrp Disney Parks Reisef\u00fchrer\",\"description\":\"Das Blog zu Disneyland Paris &amp; Walt Disney World\",\"publisher\":{\"@id\":\"https:\/\/www.dein-dlrp.de\/disney-parks-magazin\/#organization\"},\"potentialAction\":[{\"@type\":\"SearchAction\",\"target\":{\"@type\":\"EntryPoint\",\"urlTemplate\":\"https:\/\/www.dein-dlrp.de\/disney-parks-magazin\/?s={search_term_string}\"},\"query-input\":{\"@type\":\"PropertyValueSpecification\",\"valueRequired\":true,\"valueName\":\"search_term_string\"}}],\"inLanguage\":\"de\"},{\"@type\":\"Organization\",\"@id\":\"https:\/\/www.dein-dlrp.de\/disney-parks-magazin\/#organization\",\"name\":\"dein-dlrp.de Disney Parks Reisef\u00fchrer\",\"url\":\"https:\/\/www.dein-dlrp.de\/disney-parks-magazin\/\",\"logo\":{\"@type\":\"ImageObject\",\"inLanguage\":\"de\",\"@id\":\"https:\/\/www.dein-dlrp.de\/disney-parks-magazin\/#\/schema\/logo\/image\/\",\"url\":\"https:\/\/www.dein-dlrp.de\/disney-parks-magazin\/wp-content\/uploads\/2023\/06\/dein-dlrp-disney-parks-magazin.png\",\"contentUrl\":\"https:\/\/www.dein-dlrp.de\/disney-parks-magazin\/wp-content\/uploads\/2023\/06\/dein-dlrp-disney-parks-magazin.png\",\"width\":1500,\"height\":384,\"caption\":\"dein-dlrp.de Disney Parks Reisef\u00fchrer\"},\"image\":{\"@id\":\"https:\/\/www.dein-dlrp.de\/disney-parks-magazin\/#\/schema\/logo\/image\/\"},\"sameAs\":[\"https:\/\/facebook.com\/deindlrp\",\"https:\/\/x.com\/deindlrp\",\"https:\/\/instagram.com\/deindlrp\",\"https:\/\/www.pinterest.de\/deindlrp\/\",\"http:\/\/www.youtube.com\/deindlrp\",\"https:\/\/www.tiktok.com\/@deindlrp\"]},{\"@type\":\"Person\",\"@id\":\"https:\/\/www.dein-dlrp.de\/disney-parks-magazin\/#\/schema\/person\/2875aaa814106755b8553f3267fe8c5b\",\"name\":\"Torsten\",\"image\":{\"@type\":\"ImageObject\",\"inLanguage\":\"de\",\"@id\":\"https:\/\/www.dein-dlrp.de\/disney-parks-magazin\/#\/schema\/person\/image\/\",\"url\":\"https:\/\/secure.gravatar.com\/avatar\/f755e93a4d122c6d260bf729ab4e40a74778fa4d3e14371c827a941afd1dbb27?s=96&d=mm&r=g\",\"contentUrl\":\"https:\/\/secure.gravatar.com\/avatar\/f755e93a4d122c6d260bf729ab4e40a74778fa4d3e14371c827a941afd1dbb27?s=96&d=mm&r=g\",\"caption\":\"Torsten\"},\"description\":\"Ich habe vor mehr als zehn Jahren zusammen mit D\u00f6rthe dein-dlrp,de gegr\u00fcndet. In der Disneyland Paris Fanszene bin ich schon seit den 90er Jahren aktiv, damals als einer der Gr\u00fcnder von dlp.info und heute betreibe ich neben dein-dlrp.de auch das gr\u00f6\u00dfte deutschsprachige Disney Forum, das Main Street Emporium. Mit Disney verbinde ich unz\u00e4hlige sch\u00f6ne Erinnerungen, meine Liebe gilt, neben den Entencomics, aber vor allem den Parks &amp; Resorts, der Kreativit\u00e4t, der Thematisierung und dem Imagineering.\",\"sameAs\":[\"https:\/\/instagram.com\/deindlrp\",\"https:\/\/x.com\/deindlrp\",\"https:\/\/youtube.com\/deindlrp\"],\"url\":\"https:\/\/www.dein-dlrp.de\/disney-parks-magazin\/author\/admin\/\"}]}<\/script>","yoast_head_json":{"title":"Walt Disney World: k\u00fcrzere und versetzte \u00d6ffnungszeiten ab Wiederer\u00f6ffnung | Disney Parks Magazin","description":"Walt Disney World hat neue \u00d6ffnungszeiten seiner Parks ver\u00f6ffentlicht - Als Sparma\u00dfnahme oder f\u00fcr Corona-Schutz? Erfahrt es in unserem Magazin","robots":{"index":"index","follow":"follow","max-snippet":"max-snippet:-1","max-image-preview":"max-image-preview:large","max-video-preview":"max-video-preview:-1"},"canonical":"https:\/\/www.dein-dlrp.de\/disney-parks-magazin\/walt-disney-world-kuerzere-und-versetzte-oeffnungszeiten-ab-wiedereroeffnung\/","og_locale":"de_DE","og_type":"article","og_title":"Walt Disney World: k\u00fcrzere und versetzte \u00d6ffnungszeiten ab Wiederer\u00f6ffnung","og_description":"Walt Disney World hat neue \u00d6ffnungszeiten seiner Parks ver\u00f6ffentlicht - Als Sparma\u00dfnahme oder f\u00fcr Corona-Schutz? Erfahrt es in unserem Magazin","og_url":"https:\/\/www.dein-dlrp.de\/disney-parks-magazin\/walt-disney-world-kuerzere-und-versetzte-oeffnungszeiten-ab-wiedereroeffnung\/","og_site_name":"Disney Parks Magazin","article_publisher":"https:\/\/facebook.com\/deindlrp","article_published_time":"2020-05-28T14:43:49+00:00","article_modified_time":"2023-08-02T09:41:42+00:00","og_image":[{"width":1200,"height":627,"url":"https:\/\/www.dein-dlrp.de\/disney-parks-magazin\/wp-content\/uploads\/2020\/05\/walt-disney-world-neue-oeffnungszeiten.jpg","type":"image\/jpeg"}],"author":"Torsten","twitter_card":"summary_large_image","twitter_creator":"@deindlrp","twitter_site":"@deindlrp","twitter_misc":{"Verfasst von":"Torsten","Gesch\u00e4tzte Lesezeit":"7\u00a0Minuten"},"schema":{"@context":"https:\/\/schema.org","@graph":[{"@type":"Article","@id":"https:\/\/www.dein-dlrp.de\/disney-parks-magazin\/walt-disney-world-kuerzere-und-versetzte-oeffnungszeiten-ab-wiedereroeffnung\/#article","isPartOf":{"@id":"https:\/\/www.dein-dlrp.de\/disney-parks-magazin\/walt-disney-world-kuerzere-und-versetzte-oeffnungszeiten-ab-wiedereroeffnung\/"},"author":{"name":"Torsten","@id":"https:\/\/www.dein-dlrp.de\/disney-parks-magazin\/#\/schema\/person\/2875aaa814106755b8553f3267fe8c5b"},"headline":"Walt Disney World: k\u00fcrzere und versetzte \u00d6ffnungszeiten ab Wiederer\u00f6ffnung","datePublished":"2020-05-28T14:43:49+00:00","dateModified":"2023-08-02T09:41:42+00:00","mainEntityOfPage":{"@id":"https:\/\/www.dein-dlrp.de\/disney-parks-magazin\/walt-disney-world-kuerzere-und-versetzte-oeffnungszeiten-ab-wiedereroeffnung\/"},"wordCount":1231,"publisher":{"@id":"https:\/\/www.dein-dlrp.de\/disney-parks-magazin\/#organization"},"image":{"@id":"https:\/\/www.dein-dlrp.de\/disney-parks-magazin\/walt-disney-world-kuerzere-und-versetzte-oeffnungszeiten-ab-wiedereroeffnung\/#primaryimage"},"thumbnailUrl":"https:\/\/www.dein-dlrp.de\/disney-parks-magazin\/wp-content\/uploads\/2020\/05\/walt-disney-world-neue-oeffnungszeiten.jpg","keywords":["Coronavirus","Covid-19","Disney Parks","Disney Transport","Disneys Skyliner","Monorail","\u00d6ffnungszeiten"],"articleSection":["Animal Kingdom","Disney Springs","Epcot","Hollywood Studios","Hotels","Magic Kingdom","Nachrichten &amp; Hintergr\u00fcnde","Walt Disney World","Walt Disney World News und Ger\u00fcchte"],"inLanguage":"de"},{"@type":"WebPage","@id":"https:\/\/www.dein-dlrp.de\/disney-parks-magazin\/walt-disney-world-kuerzere-und-versetzte-oeffnungszeiten-ab-wiedereroeffnung\/","url":"https:\/\/www.dein-dlrp.de\/disney-parks-magazin\/walt-disney-world-kuerzere-und-versetzte-oeffnungszeiten-ab-wiedereroeffnung\/","name":"Walt Disney World: k\u00fcrzere und versetzte \u00d6ffnungszeiten ab Wiederer\u00f6ffnung | Disney Parks Magazin","isPartOf":{"@id":"https:\/\/www.dein-dlrp.de\/disney-parks-magazin\/#website"},"primaryImageOfPage":{"@id":"https:\/\/www.dein-dlrp.de\/disney-parks-magazin\/walt-disney-world-kuerzere-und-versetzte-oeffnungszeiten-ab-wiedereroeffnung\/#primaryimage"},"image":{"@id":"https:\/\/www.dein-dlrp.de\/disney-parks-magazin\/walt-disney-world-kuerzere-und-versetzte-oeffnungszeiten-ab-wiedereroeffnung\/#primaryimage"},"thumbnailUrl":"https:\/\/www.dein-dlrp.de\/disney-parks-magazin\/wp-content\/uploads\/2020\/05\/walt-disney-world-neue-oeffnungszeiten.jpg","datePublished":"2020-05-28T14:43:49+00:00","dateModified":"2023-08-02T09:41:42+00:00","description":"Walt Disney World hat neue \u00d6ffnungszeiten seiner Parks ver\u00f6ffentlicht - Als Sparma\u00dfnahme oder f\u00fcr Corona-Schutz? Erfahrt es in unserem Magazin","breadcrumb":{"@id":"https:\/\/www.dein-dlrp.de\/disney-parks-magazin\/walt-disney-world-kuerzere-und-versetzte-oeffnungszeiten-ab-wiedereroeffnung\/#breadcrumb"},"inLanguage":"de","potentialAction":[{"@type":"ReadAction","target":["https:\/\/www.dein-dlrp.de\/disney-parks-magazin\/walt-disney-world-kuerzere-und-versetzte-oeffnungszeiten-ab-wiedereroeffnung\/"]}]},{"@type":"ImageObject","inLanguage":"de","@id":"https:\/\/www.dein-dlrp.de\/disney-parks-magazin\/walt-disney-world-kuerzere-und-versetzte-oeffnungszeiten-ab-wiedereroeffnung\/#primaryimage","url":"https:\/\/www.dein-dlrp.de\/disney-parks-magazin\/wp-content\/uploads\/2020\/05\/walt-disney-world-neue-oeffnungszeiten.jpg","contentUrl":"https:\/\/www.dein-dlrp.de\/disney-parks-magazin\/wp-content\/uploads\/2020\/05\/walt-disney-world-neue-oeffnungszeiten.jpg","width":1200,"height":627,"caption":"Grafik zur Wiederer\u00f6ffnung nach Corona: Neue \u00d6ffnungszeiten f\u00fcr Walt Disney World"},{"@type":"BreadcrumbList","@id":"https:\/\/www.dein-dlrp.de\/disney-parks-magazin\/walt-disney-world-kuerzere-und-versetzte-oeffnungszeiten-ab-wiedereroeffnung\/#breadcrumb","itemListElement":[{"@type":"ListItem","position":1,"name":"Disney Parks Magazin","item":"https:\/\/www.dein-dlrp.de\/disney-parks-magazin\/"},{"@type":"ListItem","position":2,"name":"Walt Disney World: k\u00fcrzere und versetzte \u00d6ffnungszeiten ab Wiederer\u00f6ffnung"}]},{"@type":"WebSite","@id":"https:\/\/www.dein-dlrp.de\/disney-parks-magazin\/#website","url":"https:\/\/www.dein-dlrp.de\/disney-parks-magazin\/","name":"dein-dlrp Disney Parks Reisef\u00fchrer","description":"Das Blog zu Disneyland Paris &amp; Walt Disney World","publisher":{"@id":"https:\/\/www.dein-dlrp.de\/disney-parks-magazin\/#organization"},"potentialAction":[{"@type":"SearchAction","target":{"@type":"EntryPoint","urlTemplate":"https:\/\/www.dein-dlrp.de\/disney-parks-magazin\/?s={search_term_string}"},"query-input":{"@type":"PropertyValueSpecification","valueRequired":true,"valueName":"search_term_string"}}],"inLanguage":"de"},{"@type":"Organization","@id":"https:\/\/www.dein-dlrp.de\/disney-parks-magazin\/#organization","name":"dein-dlrp.de Disney Parks Reisef\u00fchrer","url":"https:\/\/www.dein-dlrp.de\/disney-parks-magazin\/","logo":{"@type":"ImageObject","inLanguage":"de","@id":"https:\/\/www.dein-dlrp.de\/disney-parks-magazin\/#\/schema\/logo\/image\/","url":"https:\/\/www.dein-dlrp.de\/disney-parks-magazin\/wp-content\/uploads\/2023\/06\/dein-dlrp-disney-parks-magazin.png","contentUrl":"https:\/\/www.dein-dlrp.de\/disney-parks-magazin\/wp-content\/uploads\/2023\/06\/dein-dlrp-disney-parks-magazin.png","width":1500,"height":384,"caption":"dein-dlrp.de Disney Parks Reisef\u00fchrer"},"image":{"@id":"https:\/\/www.dein-dlrp.de\/disney-parks-magazin\/#\/schema\/logo\/image\/"},"sameAs":["https:\/\/facebook.com\/deindlrp","https:\/\/x.com\/deindlrp","https:\/\/instagram.com\/deindlrp","https:\/\/www.pinterest.de\/deindlrp\/","http:\/\/www.youtube.com\/deindlrp","https:\/\/www.tiktok.com\/@deindlrp"]},{"@type":"Person","@id":"https:\/\/www.dein-dlrp.de\/disney-parks-magazin\/#\/schema\/person\/2875aaa814106755b8553f3267fe8c5b","name":"Torsten","image":{"@type":"ImageObject","inLanguage":"de","@id":"https:\/\/www.dein-dlrp.de\/disney-parks-magazin\/#\/schema\/person\/image\/","url":"https:\/\/secure.gravatar.com\/avatar\/f755e93a4d122c6d260bf729ab4e40a74778fa4d3e14371c827a941afd1dbb27?s=96&d=mm&r=g","contentUrl":"https:\/\/secure.gravatar.com\/avatar\/f755e93a4d122c6d260bf729ab4e40a74778fa4d3e14371c827a941afd1dbb27?s=96&d=mm&r=g","caption":"Torsten"},"description":"Ich habe vor mehr als zehn Jahren zusammen mit D\u00f6rthe dein-dlrp,de gegr\u00fcndet. In der Disneyland Paris Fanszene bin ich schon seit den 90er Jahren aktiv, damals als einer der Gr\u00fcnder von dlp.info und heute betreibe ich neben dein-dlrp.de auch das gr\u00f6\u00dfte deutschsprachige Disney Forum, das Main Street Emporium. Mit Disney verbinde ich unz\u00e4hlige sch\u00f6ne Erinnerungen, meine Liebe gilt, neben den Entencomics, aber vor allem den Parks &amp; Resorts, der Kreativit\u00e4t, der Thematisierung und dem Imagineering.","sameAs":["https:\/\/instagram.com\/deindlrp","https:\/\/x.com\/deindlrp","https:\/\/youtube.com\/deindlrp"],"url":"https:\/\/www.dein-dlrp.de\/disney-parks-magazin\/author\/admin\/"}]}},"_links":{"self":[{"href":"https:\/\/www.dein-dlrp.de\/disney-parks-magazin\/wp-json\/wp\/v2\/posts\/31118","targetHints":{"allow":["GET"]}}],"collection":[{"href":"https:\/\/www.dein-dlrp.de\/disney-parks-magazin\/wp-json\/wp\/v2\/posts"}],"about":[{"href":"https:\/\/www.dein-dlrp.de\/disney-parks-magazin\/wp-json\/wp\/v2\/types\/post"}],"author":[{"embeddable":true,"href":"https:\/\/www.dein-dlrp.de\/disney-parks-magazin\/wp-json\/wp\/v2\/users\/1"}],"replies":[{"embeddable":true,"href":"https:\/\/www.dein-dlrp.de\/disney-parks-magazin\/wp-json\/wp\/v2\/comments?post=31118"}],"version-history":[{"count":0,"href":"https:\/\/www.dein-dlrp.de\/disney-parks-magazin\/wp-json\/wp\/v2\/posts\/31118\/revisions"}],"wp:featuredmedia":[{"embeddable":true,"href":"https:\/\/www.dein-dlrp.de\/disney-parks-magazin\/wp-json\/wp\/v2\/media\/31128"}],"wp:attachment":[{"href":"https:\/\/www.dein-dlrp.de\/disney-parks-magazin\/wp-json\/wp\/v2\/media?parent=31118"}],"wp:term":[{"taxonomy":"category","embeddable":true,"href":"https:\/\/www.dein-dlrp.de\/disney-parks-magazin\/wp-json\/wp\/v2\/categories?post=31118"},{"taxonomy":"post_tag","embeddable":true,"href":"https:\/\/www.dein-dlrp.de\/disney-parks-magazin\/wp-json\/wp\/v2\/tags?post=31118"}],"curies":[{"name":"wp","href":"https:\/\/api.w.org\/{rel}","templated":true}]}}